{"id":33777,"date":"2020-10-21T15:01:21","date_gmt":"2020-10-21T13:01:21","guid":{"rendered":"https:\/\/wp.muchomaas.com\/breve-gerald-darmanin-703\/"},"modified":"2020-10-21T15:01:21","modified_gmt":"2020-10-21T13:01:21","slug":"breve-gerald-darmanin-703","status":"publish","type":"post","link":"https:\/\/archives.regards.fr\/?p=33777","title":{"rendered":"G\u00e9rald Darmanin"},"content":{"rendered":"<p><em>\u00ab \u00c7a m&#8217;a toujours choqu\u00e9 de rentrer dans un hypermarch\u00e9 et de voir qu&#8217;il y a un rayon de telle cuisine communautaire, c&#8217;est comme \u00e7a que \u00e7a commence le communautarisme. \u00bb<\/em> (21\/10\/2020, BFMTV)<\/p>\n","protected":false},"excerpt":{"rendered":"<p>\u00ab \u00c7a m&#8217;a toujours choqu\u00e9 de rentrer dans un hypermarch\u00e9 et de voir qu&#8217;il y a un rayon de telle cuisine communautaire, c&#8217;est comme \u00e7a que \u00e7a commence le communautarisme. \u00bb (21\/10\/2020, BFMTV)<\/p>\n","protected":false},"author":1,"featured_media":0,"comment_status":"open","ping_status":"open","sticky":false,"template":"","format":"standard","meta":{"_themeisle_gutenberg_block_has_review":false,"footnotes":""},"categories":[284],"tags":[],"class_list":["post-33777","post","type-post","status-publish","format-standard","hentry","category-declarama-breves"],"_links":{"self":[{"href":"https:\/\/archives.regards.fr\/index.php?rest_route=\/wp\/v2\/posts\/33777","targetHints":{"allow":["GET"]}}],"collection":[{"href":"https:\/\/archives.regards.fr\/index.php?rest_route=\/wp\/v2\/posts"}],"about":[{"href":"https:\/\/archives.regards.fr\/index.php?rest_route=\/wp\/v2\/types\/post"}],"author":[{"embeddable":true,"href":"https:\/\/archives.regards.fr\/index.php?rest_route=\/wp\/v2\/users\/1"}],"replies":[{"embeddable":true,"href":"https:\/\/archives.regards.fr\/index.php?rest_route=%2Fwp%2Fv2%2Fcomments&post=33777"}],"version-history":[{"count":0,"href":"https:\/\/archives.regards.fr\/index.php?rest_route=\/wp\/v2\/posts\/33777\/revisions"}],"wp:attachment":[{"href":"https:\/\/archives.regards.fr\/index.php?rest_route=%2Fwp%2Fv2%2Fmedia&parent=33777"}],"wp:term":[{"taxonomy":"category","embeddable":true,"href":"https:\/\/archives.regards.fr\/index.php?rest_route=%2Fwp%2Fv2%2Fcategories&post=33777"},{"taxonomy":"post_tag","embeddable":true,"href":"https:\/\/archives.regards.fr\/index.php?rest_route=%2Fwp%2Fv2%2Ftags&post=33777"}],"curies":[{"name":"wp","href":"https:\/\/api.w.org\/{rel}","templated":true}]}}