{"id":33776,"date":"2020-10-07T10:20:56","date_gmt":"2020-10-07T08:20:56","guid":{"rendered":"https:\/\/wp.muchomaas.com\/breve-agnes-pannier-runacher-ministre-deleguee-a-l-industrie\/"},"modified":"2020-10-07T10:20:56","modified_gmt":"2020-10-07T08:20:56","slug":"breve-agnes-pannier-runacher-ministre-deleguee-a-l-industrie","status":"publish","type":"post","link":"https:\/\/archives.regards.fr\/?p=33776","title":{"rendered":"Agn\u00e8s Pannier-Runacher, ministre d\u00e9l\u00e9gu\u00e9e \u00e0 l\u2019Industrie"},"content":{"rendered":"<p><em>\u00ab Alice Coffin, \u00c9ric Zemmour, m\u00eame combat. \u00bb<\/em> (07\/10\/2020, LCI)<\/p>\n","protected":false},"excerpt":{"rendered":"<p>\u00ab Alice Coffin, \u00c9ric Zemmour, m\u00eame combat. \u00bb (07\/10\/2020, LCI)<\/p>\n","protected":false},"author":1,"featured_media":0,"comment_status":"open","ping_status":"open","sticky":false,"template":"","format":"standard","meta":{"_themeisle_gutenberg_block_has_review":false,"footnotes":""},"categories":[284],"tags":[],"class_list":["post-33776","post","type-post","status-publish","format-standard","hentry","category-declarama-breves"],"_links":{"self":[{"href":"https:\/\/archives.regards.fr\/index.php?rest_route=\/wp\/v2\/posts\/33776","targetHints":{"allow":["GET"]}}],"collection":[{"href":"https:\/\/archives.regards.fr\/index.php?rest_route=\/wp\/v2\/posts"}],"about":[{"href":"https:\/\/archives.regards.fr\/index.php?rest_route=\/wp\/v2\/types\/post"}],"author":[{"embeddable":true,"href":"https:\/\/archives.regards.fr\/index.php?rest_route=\/wp\/v2\/users\/1"}],"replies":[{"embeddable":true,"href":"https:\/\/archives.regards.fr\/index.php?rest_route=%2Fwp%2Fv2%2Fcomments&post=33776"}],"version-history":[{"count":0,"href":"https:\/\/archives.regards.fr\/index.php?rest_route=\/wp\/v2\/posts\/33776\/revisions"}],"wp:attachment":[{"href":"https:\/\/archives.regards.fr\/index.php?rest_route=%2Fwp%2Fv2%2Fmedia&parent=33776"}],"wp:term":[{"taxonomy":"category","embeddable":true,"href":"https:\/\/archives.regards.fr\/index.php?rest_route=%2Fwp%2Fv2%2Fcategories&post=33776"},{"taxonomy":"post_tag","embeddable":true,"href":"https:\/\/archives.regards.fr\/index.php?rest_route=%2Fwp%2Fv2%2Ftags&post=33776"}],"curies":[{"name":"wp","href":"https:\/\/api.w.org\/{rel}","templated":true}]}}