{"id":33775,"date":"2020-09-21T09:50:03","date_gmt":"2020-09-21T07:50:03","guid":{"rendered":"https:\/\/wp.muchomaas.com\/breve-jean-michel-blanquer-701\/"},"modified":"2020-09-21T09:50:03","modified_gmt":"2020-09-21T07:50:03","slug":"breve-jean-michel-blanquer-701","status":"publish","type":"post","link":"https:\/\/archives.regards.fr\/?p=33775","title":{"rendered":"Jean-Michel Blanquer"},"content":{"rendered":"<p><em>\u00ab On vient \u00e0 l&#8217;\u00e9cole habill\u00e9 d&#8217;une fa\u00e7on r\u00e9publicaine. \u00bb<\/em> (21\/09\/20, RTL)<\/p>\n","protected":false},"excerpt":{"rendered":"<p>\u00ab On vient \u00e0 l&#8217;\u00e9cole habill\u00e9 d&#8217;une fa\u00e7on r\u00e9publicaine. \u00bb (21\/09\/20, RTL)<\/p>\n","protected":false},"author":1,"featured_media":0,"comment_status":"open","ping_status":"open","sticky":false,"template":"","format":"standard","meta":{"_themeisle_gutenberg_block_has_review":false,"footnotes":""},"categories":[284],"tags":[],"class_list":["post-33775","post","type-post","status-publish","format-standard","hentry","category-declarama-breves"],"_links":{"self":[{"href":"https:\/\/archives.regards.fr\/index.php?rest_route=\/wp\/v2\/posts\/33775","targetHints":{"allow":["GET"]}}],"collection":[{"href":"https:\/\/archives.regards.fr\/index.php?rest_route=\/wp\/v2\/posts"}],"about":[{"href":"https:\/\/archives.regards.fr\/index.php?rest_route=\/wp\/v2\/types\/post"}],"author":[{"embeddable":true,"href":"https:\/\/archives.regards.fr\/index.php?rest_route=\/wp\/v2\/users\/1"}],"replies":[{"embeddable":true,"href":"https:\/\/archives.regards.fr\/index.php?rest_route=%2Fwp%2Fv2%2Fcomments&post=33775"}],"version-history":[{"count":0,"href":"https:\/\/archives.regards.fr\/index.php?rest_route=\/wp\/v2\/posts\/33775\/revisions"}],"wp:attachment":[{"href":"https:\/\/archives.regards.fr\/index.php?rest_route=%2Fwp%2Fv2%2Fmedia&parent=33775"}],"wp:term":[{"taxonomy":"category","embeddable":true,"href":"https:\/\/archives.regards.fr\/index.php?rest_route=%2Fwp%2Fv2%2Fcategories&post=33775"},{"taxonomy":"post_tag","embeddable":true,"href":"https:\/\/archives.regards.fr\/index.php?rest_route=%2Fwp%2Fv2%2Ftags&post=33775"}],"curies":[{"name":"wp","href":"https:\/\/api.w.org\/{rel}","templated":true}]}}