{"id":33772,"date":"2020-06-24T10:28:43","date_gmt":"2020-06-24T08:28:43","guid":{"rendered":"https:\/\/wp.muchomaas.com\/breve-stanislas-guerini\/"},"modified":"2020-06-24T10:28:43","modified_gmt":"2020-06-24T08:28:43","slug":"breve-stanislas-guerini","status":"publish","type":"post","link":"https:\/\/archives.regards.fr\/?p=33772","title":{"rendered":"Stanislas Guerini"},"content":{"rendered":"<p><em>\u00ab Je crois qu\u2019on d\u00e9fend mieux l\u2019\u00e9cologie en votant pour un candidat de la majorit\u00e9 pr\u00e9sidentielle que pour une alliance LFI-EELV. \u00bb<\/em> (24\/06\/2020, franceinfo)<\/p>\n","protected":false},"excerpt":{"rendered":"<p>\u00ab Je crois qu\u2019on d\u00e9fend mieux l\u2019\u00e9cologie en votant pour un candidat de la majorit\u00e9 pr\u00e9sidentielle que pour une alliance LFI-EELV. \u00bb (24\/06\/2020, franceinfo)<\/p>\n","protected":false},"author":1,"featured_media":0,"comment_status":"open","ping_status":"open","sticky":false,"template":"","format":"standard","meta":{"_themeisle_gutenberg_block_has_review":false,"footnotes":""},"categories":[284],"tags":[],"class_list":["post-33772","post","type-post","status-publish","format-standard","hentry","category-declarama-breves"],"_links":{"self":[{"href":"https:\/\/archives.regards.fr\/index.php?rest_route=\/wp\/v2\/posts\/33772","targetHints":{"allow":["GET"]}}],"collection":[{"href":"https:\/\/archives.regards.fr\/index.php?rest_route=\/wp\/v2\/posts"}],"about":[{"href":"https:\/\/archives.regards.fr\/index.php?rest_route=\/wp\/v2\/types\/post"}],"author":[{"embeddable":true,"href":"https:\/\/archives.regards.fr\/index.php?rest_route=\/wp\/v2\/users\/1"}],"replies":[{"embeddable":true,"href":"https:\/\/archives.regards.fr\/index.php?rest_route=%2Fwp%2Fv2%2Fcomments&post=33772"}],"version-history":[{"count":0,"href":"https:\/\/archives.regards.fr\/index.php?rest_route=\/wp\/v2\/posts\/33772\/revisions"}],"wp:attachment":[{"href":"https:\/\/archives.regards.fr\/index.php?rest_route=%2Fwp%2Fv2%2Fmedia&parent=33772"}],"wp:term":[{"taxonomy":"category","embeddable":true,"href":"https:\/\/archives.regards.fr\/index.php?rest_route=%2Fwp%2Fv2%2Fcategories&post=33772"},{"taxonomy":"post_tag","embeddable":true,"href":"https:\/\/archives.regards.fr\/index.php?rest_route=%2Fwp%2Fv2%2Ftags&post=33772"}],"curies":[{"name":"wp","href":"https:\/\/api.w.org\/{rel}","templated":true}]}}