{"id":33771,"date":"2020-06-11T20:00:41","date_gmt":"2020-06-11T18:00:41","guid":{"rendered":"https:\/\/wp.muchomaas.com\/breve-emmanuel-macron-697\/"},"modified":"2020-06-11T20:00:41","modified_gmt":"2020-06-11T18:00:41","slug":"breve-emmanuel-macron-697","status":"publish","type":"post","link":"https:\/\/archives.regards.fr\/?p=33771","title":{"rendered":"Emmanuel Macron"},"content":{"rendered":"<p><em>\u00ab Le monde universitaire a \u00e9t\u00e9 coupable. Il a encourag\u00e9 l\u2019ethnicisation de la question sociale en pensant que c\u2019\u00e9tait un bon filon. Or, le d\u00e9bouch\u00e9 ne peut \u00eatre que s\u00e9cessionniste. Cela revient \u00e0 casser la R\u00e9publique en deux. \u00bb<\/em> (11\/06\/2020, <em>Le Monde<\/em>)<\/p>\n","protected":false},"excerpt":{"rendered":"<p>\u00ab Le monde universitaire a \u00e9t\u00e9 coupable. Il a encourag\u00e9 l\u2019ethnicisation de la question sociale en pensant que c\u2019\u00e9tait un bon filon. Or, le d\u00e9bouch\u00e9 ne peut \u00eatre que s\u00e9cessionniste. Cela revient \u00e0 casser la R\u00e9publique en deux. \u00bb (11\/06\/2020, Le Monde)<\/p>\n","protected":false},"author":1,"featured_media":0,"comment_status":"open","ping_status":"open","sticky":false,"template":"","format":"standard","meta":{"_themeisle_gutenberg_block_has_review":false,"footnotes":""},"categories":[284],"tags":[],"class_list":["post-33771","post","type-post","status-publish","format-standard","hentry","category-declarama-breves"],"_links":{"self":[{"href":"https:\/\/archives.regards.fr\/index.php?rest_route=\/wp\/v2\/posts\/33771","targetHints":{"allow":["GET"]}}],"collection":[{"href":"https:\/\/archives.regards.fr\/index.php?rest_route=\/wp\/v2\/posts"}],"about":[{"href":"https:\/\/archives.regards.fr\/index.php?rest_route=\/wp\/v2\/types\/post"}],"author":[{"embeddable":true,"href":"https:\/\/archives.regards.fr\/index.php?rest_route=\/wp\/v2\/users\/1"}],"replies":[{"embeddable":true,"href":"https:\/\/archives.regards.fr\/index.php?rest_route=%2Fwp%2Fv2%2Fcomments&post=33771"}],"version-history":[{"count":0,"href":"https:\/\/archives.regards.fr\/index.php?rest_route=\/wp\/v2\/posts\/33771\/revisions"}],"wp:attachment":[{"href":"https:\/\/archives.regards.fr\/index.php?rest_route=%2Fwp%2Fv2%2Fmedia&parent=33771"}],"wp:term":[{"taxonomy":"category","embeddable":true,"href":"https:\/\/archives.regards.fr\/index.php?rest_route=%2Fwp%2Fv2%2Fcategories&post=33771"},{"taxonomy":"post_tag","embeddable":true,"href":"https:\/\/archives.regards.fr\/index.php?rest_route=%2Fwp%2Fv2%2Ftags&post=33771"}],"curies":[{"name":"wp","href":"https:\/\/api.w.org\/{rel}","templated":true}]}}