{"id":33768,"date":"2020-05-13T11:00:08","date_gmt":"2020-05-13T09:00:08","guid":{"rendered":"https:\/\/wp.muchomaas.com\/breve-laurent-berger-cfdt\/"},"modified":"2020-05-13T11:00:08","modified_gmt":"2020-05-13T09:00:08","slug":"breve-laurent-berger-cfdt","status":"publish","type":"post","link":"https:\/\/archives.regards.fr\/?p=33768","title":{"rendered":"Laurent Berger (CFDT)"},"content":{"rendered":"<p><em>\u00ab Durant cette p\u00e9riode [de confinement], on a privil\u00e9gi\u00e9 la vie sur le d\u00e9veloppement \u00e9conomique. \u00c9videmment, \u00e7a ne peut pas durer tout le temps. \u00bb<\/em> (13\/05\/20, France Inter)<\/p>\n","protected":false},"excerpt":{"rendered":"<p>\u00ab Durant cette p\u00e9riode [de confinement], on a privil\u00e9gi\u00e9 la vie sur le d\u00e9veloppement \u00e9conomique. \u00c9videmment, \u00e7a ne peut pas durer tout le temps. \u00bb (13\/05\/20, France Inter)<\/p>\n","protected":false},"author":1,"featured_media":0,"comment_status":"open","ping_status":"open","sticky":false,"template":"","format":"standard","meta":{"_themeisle_gutenberg_block_has_review":false,"footnotes":""},"categories":[284],"tags":[],"class_list":["post-33768","post","type-post","status-publish","format-standard","hentry","category-declarama-breves"],"_links":{"self":[{"href":"https:\/\/archives.regards.fr\/index.php?rest_route=\/wp\/v2\/posts\/33768","targetHints":{"allow":["GET"]}}],"collection":[{"href":"https:\/\/archives.regards.fr\/index.php?rest_route=\/wp\/v2\/posts"}],"about":[{"href":"https:\/\/archives.regards.fr\/index.php?rest_route=\/wp\/v2\/types\/post"}],"author":[{"embeddable":true,"href":"https:\/\/archives.regards.fr\/index.php?rest_route=\/wp\/v2\/users\/1"}],"replies":[{"embeddable":true,"href":"https:\/\/archives.regards.fr\/index.php?rest_route=%2Fwp%2Fv2%2Fcomments&post=33768"}],"version-history":[{"count":0,"href":"https:\/\/archives.regards.fr\/index.php?rest_route=\/wp\/v2\/posts\/33768\/revisions"}],"wp:attachment":[{"href":"https:\/\/archives.regards.fr\/index.php?rest_route=%2Fwp%2Fv2%2Fmedia&parent=33768"}],"wp:term":[{"taxonomy":"category","embeddable":true,"href":"https:\/\/archives.regards.fr\/index.php?rest_route=%2Fwp%2Fv2%2Fcategories&post=33768"},{"taxonomy":"post_tag","embeddable":true,"href":"https:\/\/archives.regards.fr\/index.php?rest_route=%2Fwp%2Fv2%2Ftags&post=33768"}],"curies":[{"name":"wp","href":"https:\/\/api.w.org\/{rel}","templated":true}]}}