{"id":33767,"date":"2020-04-06T15:29:30","date_gmt":"2020-04-06T13:29:30","guid":{"rendered":"https:\/\/wp.muchomaas.com\/breve-olivia-gregoire-deputee-lrem\/"},"modified":"2020-04-06T15:29:30","modified_gmt":"2020-04-06T13:29:30","slug":"breve-olivia-gregoire-deputee-lrem","status":"publish","type":"post","link":"https:\/\/archives.regards.fr\/?p=33767","title":{"rendered":"Olivia Gr\u00e9goire, d\u00e9put\u00e9e LREM"},"content":{"rendered":"<p><em>\u00ab Si on veut que le capitalisme perdure, il va falloir qu&#8217;il soit sacr\u00e9ment mieux r\u00e9gul\u00e9. \u00bb<\/em> (06\/04\/2020, franceinfo)<\/p>\n","protected":false},"excerpt":{"rendered":"<p>\u00ab Si on veut que le capitalisme perdure, il va falloir qu&#8217;il soit sacr\u00e9ment mieux r\u00e9gul\u00e9. \u00bb (06\/04\/2020, franceinfo)<\/p>\n","protected":false},"author":1,"featured_media":0,"comment_status":"open","ping_status":"open","sticky":false,"template":"","format":"standard","meta":{"_themeisle_gutenberg_block_has_review":false,"footnotes":""},"categories":[284],"tags":[],"class_list":["post-33767","post","type-post","status-publish","format-standard","hentry","category-declarama-breves"],"_links":{"self":[{"href":"https:\/\/archives.regards.fr\/index.php?rest_route=\/wp\/v2\/posts\/33767","targetHints":{"allow":["GET"]}}],"collection":[{"href":"https:\/\/archives.regards.fr\/index.php?rest_route=\/wp\/v2\/posts"}],"about":[{"href":"https:\/\/archives.regards.fr\/index.php?rest_route=\/wp\/v2\/types\/post"}],"author":[{"embeddable":true,"href":"https:\/\/archives.regards.fr\/index.php?rest_route=\/wp\/v2\/users\/1"}],"replies":[{"embeddable":true,"href":"https:\/\/archives.regards.fr\/index.php?rest_route=%2Fwp%2Fv2%2Fcomments&post=33767"}],"version-history":[{"count":0,"href":"https:\/\/archives.regards.fr\/index.php?rest_route=\/wp\/v2\/posts\/33767\/revisions"}],"wp:attachment":[{"href":"https:\/\/archives.regards.fr\/index.php?rest_route=%2Fwp%2Fv2%2Fmedia&parent=33767"}],"wp:term":[{"taxonomy":"category","embeddable":true,"href":"https:\/\/archives.regards.fr\/index.php?rest_route=%2Fwp%2Fv2%2Fcategories&post=33767"},{"taxonomy":"post_tag","embeddable":true,"href":"https:\/\/archives.regards.fr\/index.php?rest_route=%2Fwp%2Fv2%2Ftags&post=33767"}],"curies":[{"name":"wp","href":"https:\/\/api.w.org\/{rel}","templated":true}]}}