{"id":33759,"date":"2020-02-05T14:10:14","date_gmt":"2020-02-05T13:10:14","guid":{"rendered":"https:\/\/wp.muchomaas.com\/breve-julien-odoul-rn\/"},"modified":"2020-02-05T14:10:14","modified_gmt":"2020-02-05T13:10:14","slug":"breve-julien-odoul-rn","status":"publish","type":"post","link":"https:\/\/archives.regards.fr\/?p=33759","title":{"rendered":"Julien Odoul (RN)"},"content":{"rendered":"<p><em>\u00ab Il y a un probl\u00e8me d&#8217;int\u00e9gration des Fran\u00e7ais d&#8217;origine arabo-musulmane. [&#8230;] Ils ne font pas partie de la communaut\u00e9 fran\u00e7aise. \u00bb<\/em> (04\/02\/2020, CNEWS)<\/p>\n","protected":false},"excerpt":{"rendered":"<p>\u00ab Il y a un probl\u00e8me d&#8217;int\u00e9gration des Fran\u00e7ais d&#8217;origine arabo-musulmane. [&#8230;] Ils ne font pas partie de la communaut\u00e9 fran\u00e7aise. \u00bb (04\/02\/2020, CNEWS)<\/p>\n","protected":false},"author":1,"featured_media":0,"comment_status":"open","ping_status":"open","sticky":false,"template":"","format":"standard","meta":{"_themeisle_gutenberg_block_has_review":false,"footnotes":""},"categories":[284],"tags":[],"class_list":["post-33759","post","type-post","status-publish","format-standard","hentry","category-declarama-breves"],"_links":{"self":[{"href":"https:\/\/archives.regards.fr\/index.php?rest_route=\/wp\/v2\/posts\/33759","targetHints":{"allow":["GET"]}}],"collection":[{"href":"https:\/\/archives.regards.fr\/index.php?rest_route=\/wp\/v2\/posts"}],"about":[{"href":"https:\/\/archives.regards.fr\/index.php?rest_route=\/wp\/v2\/types\/post"}],"author":[{"embeddable":true,"href":"https:\/\/archives.regards.fr\/index.php?rest_route=\/wp\/v2\/users\/1"}],"replies":[{"embeddable":true,"href":"https:\/\/archives.regards.fr\/index.php?rest_route=%2Fwp%2Fv2%2Fcomments&post=33759"}],"version-history":[{"count":0,"href":"https:\/\/archives.regards.fr\/index.php?rest_route=\/wp\/v2\/posts\/33759\/revisions"}],"wp:attachment":[{"href":"https:\/\/archives.regards.fr\/index.php?rest_route=%2Fwp%2Fv2%2Fmedia&parent=33759"}],"wp:term":[{"taxonomy":"category","embeddable":true,"href":"https:\/\/archives.regards.fr\/index.php?rest_route=%2Fwp%2Fv2%2Fcategories&post=33759"},{"taxonomy":"post_tag","embeddable":true,"href":"https:\/\/archives.regards.fr\/index.php?rest_route=%2Fwp%2Fv2%2Ftags&post=33759"}],"curies":[{"name":"wp","href":"https:\/\/api.w.org\/{rel}","templated":true}]}}