{"id":33756,"date":"2020-01-07T09:52:18","date_gmt":"2020-01-07T08:52:18","guid":{"rendered":"https:\/\/wp.muchomaas.com\/breve-jean-pierre-pont-depute-lrem\/"},"modified":"2020-01-07T09:52:18","modified_gmt":"2020-01-07T08:52:18","slug":"breve-jean-pierre-pont-depute-lrem","status":"publish","type":"post","link":"https:\/\/archives.regards.fr\/?p=33756","title":{"rendered":"Jean-Pierre Pont, d\u00e9put\u00e9 LREM"},"content":{"rendered":"<p><em>\u00ab Prendre la France en otage, c&#8217;est tout \u00e0 fait ill\u00e9gal. C&#8217;est des faits de terrorisme. [&#8230;] La gr\u00e8ve oui, manifester oui, mais attention de ne pas prendre les Fran\u00e7ais en otages. C&#8217;est tout \u00e0 fait ill\u00e9gal et c&#8217;est antid\u00e9mocratique. \u00bb<\/em> (06\/01\/2020, Delta FM)<\/p>\n","protected":false},"excerpt":{"rendered":"<p>\u00ab Prendre la France en otage, c&#8217;est tout \u00e0 fait ill\u00e9gal. C&#8217;est des faits de terrorisme. [&#8230;] La gr\u00e8ve oui, manifester oui, mais attention de ne pas prendre les Fran\u00e7ais en otages. C&#8217;est tout \u00e0 fait ill\u00e9gal et c&#8217;est antid\u00e9mocratique. \u00bb (06\/01\/2020, Delta FM)<\/p>\n","protected":false},"author":1,"featured_media":0,"comment_status":"open","ping_status":"open","sticky":false,"template":"","format":"standard","meta":{"_themeisle_gutenberg_block_has_review":false,"footnotes":""},"categories":[284],"tags":[],"class_list":["post-33756","post","type-post","status-publish","format-standard","hentry","category-declarama-breves"],"_links":{"self":[{"href":"https:\/\/archives.regards.fr\/index.php?rest_route=\/wp\/v2\/posts\/33756","targetHints":{"allow":["GET"]}}],"collection":[{"href":"https:\/\/archives.regards.fr\/index.php?rest_route=\/wp\/v2\/posts"}],"about":[{"href":"https:\/\/archives.regards.fr\/index.php?rest_route=\/wp\/v2\/types\/post"}],"author":[{"embeddable":true,"href":"https:\/\/archives.regards.fr\/index.php?rest_route=\/wp\/v2\/users\/1"}],"replies":[{"embeddable":true,"href":"https:\/\/archives.regards.fr\/index.php?rest_route=%2Fwp%2Fv2%2Fcomments&post=33756"}],"version-history":[{"count":0,"href":"https:\/\/archives.regards.fr\/index.php?rest_route=\/wp\/v2\/posts\/33756\/revisions"}],"wp:attachment":[{"href":"https:\/\/archives.regards.fr\/index.php?rest_route=%2Fwp%2Fv2%2Fmedia&parent=33756"}],"wp:term":[{"taxonomy":"category","embeddable":true,"href":"https:\/\/archives.regards.fr\/index.php?rest_route=%2Fwp%2Fv2%2Fcategories&post=33756"},{"taxonomy":"post_tag","embeddable":true,"href":"https:\/\/archives.regards.fr\/index.php?rest_route=%2Fwp%2Fv2%2Ftags&post=33756"}],"curies":[{"name":"wp","href":"https:\/\/api.w.org\/{rel}","templated":true}]}}