{"id":33754,"date":"2019-12-03T11:23:47","date_gmt":"2019-12-03T10:23:47","guid":{"rendered":"https:\/\/wp.muchomaas.com\/breve-didier-guillaume-ministre-de-l-agriculture\/"},"modified":"2019-12-03T11:23:47","modified_gmt":"2019-12-03T10:23:47","slug":"breve-didier-guillaume-ministre-de-l-agriculture","status":"publish","type":"post","link":"https:\/\/archives.regards.fr\/?p=33754","title":{"rendered":"Didier Guillaume, ministre de l&#8217;Agriculture"},"content":{"rendered":"<p><em>\u00ab Le mois sans alcool, j&#8217;y suis tr\u00e8s oppos\u00e9. Tout \u00e7a, c&#8217;est de la com&#8217; \u00bb<\/em> (02\/12\/2019, Public S\u00e9nat)<\/p>\n","protected":false},"excerpt":{"rendered":"<p>\u00ab Le mois sans alcool, j&#8217;y suis tr\u00e8s oppos\u00e9. Tout \u00e7a, c&#8217;est de la com&#8217; \u00bb (02\/12\/2019, Public S\u00e9nat)<\/p>\n","protected":false},"author":1,"featured_media":0,"comment_status":"open","ping_status":"open","sticky":false,"template":"","format":"standard","meta":{"_themeisle_gutenberg_block_has_review":false,"footnotes":""},"categories":[284],"tags":[],"class_list":["post-33754","post","type-post","status-publish","format-standard","hentry","category-declarama-breves"],"_links":{"self":[{"href":"https:\/\/archives.regards.fr\/index.php?rest_route=\/wp\/v2\/posts\/33754","targetHints":{"allow":["GET"]}}],"collection":[{"href":"https:\/\/archives.regards.fr\/index.php?rest_route=\/wp\/v2\/posts"}],"about":[{"href":"https:\/\/archives.regards.fr\/index.php?rest_route=\/wp\/v2\/types\/post"}],"author":[{"embeddable":true,"href":"https:\/\/archives.regards.fr\/index.php?rest_route=\/wp\/v2\/users\/1"}],"replies":[{"embeddable":true,"href":"https:\/\/archives.regards.fr\/index.php?rest_route=%2Fwp%2Fv2%2Fcomments&post=33754"}],"version-history":[{"count":0,"href":"https:\/\/archives.regards.fr\/index.php?rest_route=\/wp\/v2\/posts\/33754\/revisions"}],"wp:attachment":[{"href":"https:\/\/archives.regards.fr\/index.php?rest_route=%2Fwp%2Fv2%2Fmedia&parent=33754"}],"wp:term":[{"taxonomy":"category","embeddable":true,"href":"https:\/\/archives.regards.fr\/index.php?rest_route=%2Fwp%2Fv2%2Fcategories&post=33754"},{"taxonomy":"post_tag","embeddable":true,"href":"https:\/\/archives.regards.fr\/index.php?rest_route=%2Fwp%2Fv2%2Ftags&post=33754"}],"curies":[{"name":"wp","href":"https:\/\/api.w.org\/{rel}","templated":true}]}}