{"id":33753,"date":"2019-11-28T14:23:33","date_gmt":"2019-11-28T13:23:33","guid":{"rendered":"https:\/\/wp.muchomaas.com\/breve-francois-bayrou-679\/"},"modified":"2019-11-28T14:23:33","modified_gmt":"2019-11-28T13:23:33","slug":"breve-francois-bayrou-679","status":"publish","type":"post","link":"https:\/\/archives.regards.fr\/?p=33753","title":{"rendered":"Fran\u00e7ois Bayrou"},"content":{"rendered":"<p><em>\u00ab Tout le monde est mis en examen, ou \u00e0 peu pr\u00e8s, dans la vie politique fran\u00e7aise. \u00bb<\/em> (28\/11\/2019, BFMTV)<\/p>\n","protected":false},"excerpt":{"rendered":"<p>\u00ab Tout le monde est mis en examen, ou \u00e0 peu pr\u00e8s, dans la vie politique fran\u00e7aise. \u00bb (28\/11\/2019, BFMTV)<\/p>\n","protected":false},"author":1,"featured_media":0,"comment_status":"open","ping_status":"open","sticky":false,"template":"","format":"standard","meta":{"_themeisle_gutenberg_block_has_review":false,"footnotes":""},"categories":[284],"tags":[],"class_list":["post-33753","post","type-post","status-publish","format-standard","hentry","category-declarama-breves"],"_links":{"self":[{"href":"https:\/\/archives.regards.fr\/index.php?rest_route=\/wp\/v2\/posts\/33753","targetHints":{"allow":["GET"]}}],"collection":[{"href":"https:\/\/archives.regards.fr\/index.php?rest_route=\/wp\/v2\/posts"}],"about":[{"href":"https:\/\/archives.regards.fr\/index.php?rest_route=\/wp\/v2\/types\/post"}],"author":[{"embeddable":true,"href":"https:\/\/archives.regards.fr\/index.php?rest_route=\/wp\/v2\/users\/1"}],"replies":[{"embeddable":true,"href":"https:\/\/archives.regards.fr\/index.php?rest_route=%2Fwp%2Fv2%2Fcomments&post=33753"}],"version-history":[{"count":0,"href":"https:\/\/archives.regards.fr\/index.php?rest_route=\/wp\/v2\/posts\/33753\/revisions"}],"wp:attachment":[{"href":"https:\/\/archives.regards.fr\/index.php?rest_route=%2Fwp%2Fv2%2Fmedia&parent=33753"}],"wp:term":[{"taxonomy":"category","embeddable":true,"href":"https:\/\/archives.regards.fr\/index.php?rest_route=%2Fwp%2Fv2%2Fcategories&post=33753"},{"taxonomy":"post_tag","embeddable":true,"href":"https:\/\/archives.regards.fr\/index.php?rest_route=%2Fwp%2Fv2%2Ftags&post=33753"}],"curies":[{"name":"wp","href":"https:\/\/api.w.org\/{rel}","templated":true}]}}