{"id":33750,"date":"2019-11-07T11:16:02","date_gmt":"2019-11-07T10:16:02","guid":{"rendered":"https:\/\/wp.muchomaas.com\/breve-jean-michel-blanquer-au-sujet-de-la-marche-contre-l-islamophobie\/"},"modified":"2019-11-07T11:16:02","modified_gmt":"2019-11-07T10:16:02","slug":"breve-jean-michel-blanquer-au-sujet-de-la-marche-contre-l-islamophobie","status":"publish","type":"post","link":"https:\/\/archives.regards.fr\/?p=33750","title":{"rendered":"Jean-Michel Blanquer, au sujet de la marche contre l&#8217;islamophobie"},"content":{"rendered":"<p><em>\u00ab C\u2019est lamentable, c\u2019est une fa\u00e7on de lutter contre la la\u00efcit\u00e9 en utilisant des arguments qui ne valent pas. Ce mot d&#8217;islamophobie est tr\u00e8s d\u00e9rangeant parce qu&#8217;il m\u00e9lange les choses. \u00bb<\/em> (07\/11\/2019, France 2)<\/p>\n","protected":false},"excerpt":{"rendered":"<p>\u00ab C\u2019est lamentable, c\u2019est une fa\u00e7on de lutter contre la la\u00efcit\u00e9 en utilisant des arguments qui ne valent pas. Ce mot d&#8217;islamophobie est tr\u00e8s d\u00e9rangeant parce qu&#8217;il m\u00e9lange les choses. \u00bb (07\/11\/2019, France 2)<\/p>\n","protected":false},"author":1,"featured_media":0,"comment_status":"open","ping_status":"open","sticky":false,"template":"","format":"standard","meta":{"_themeisle_gutenberg_block_has_review":false,"footnotes":""},"categories":[284],"tags":[],"class_list":["post-33750","post","type-post","status-publish","format-standard","hentry","category-declarama-breves"],"_links":{"self":[{"href":"https:\/\/archives.regards.fr\/index.php?rest_route=\/wp\/v2\/posts\/33750","targetHints":{"allow":["GET"]}}],"collection":[{"href":"https:\/\/archives.regards.fr\/index.php?rest_route=\/wp\/v2\/posts"}],"about":[{"href":"https:\/\/archives.regards.fr\/index.php?rest_route=\/wp\/v2\/types\/post"}],"author":[{"embeddable":true,"href":"https:\/\/archives.regards.fr\/index.php?rest_route=\/wp\/v2\/users\/1"}],"replies":[{"embeddable":true,"href":"https:\/\/archives.regards.fr\/index.php?rest_route=%2Fwp%2Fv2%2Fcomments&post=33750"}],"version-history":[{"count":0,"href":"https:\/\/archives.regards.fr\/index.php?rest_route=\/wp\/v2\/posts\/33750\/revisions"}],"wp:attachment":[{"href":"https:\/\/archives.regards.fr\/index.php?rest_route=%2Fwp%2Fv2%2Fmedia&parent=33750"}],"wp:term":[{"taxonomy":"category","embeddable":true,"href":"https:\/\/archives.regards.fr\/index.php?rest_route=%2Fwp%2Fv2%2Fcategories&post=33750"},{"taxonomy":"post_tag","embeddable":true,"href":"https:\/\/archives.regards.fr\/index.php?rest_route=%2Fwp%2Fv2%2Ftags&post=33750"}],"curies":[{"name":"wp","href":"https:\/\/api.w.org\/{rel}","templated":true}]}}