{"id":33735,"date":"2018-12-17T13:50:21","date_gmt":"2018-12-17T12:50:21","guid":{"rendered":"https:\/\/wp.muchomaas.com\/breve-gilles-le-gendre-president-du-groupe-lrem-a-l-assemblee\/"},"modified":"2018-12-17T13:50:21","modified_gmt":"2018-12-17T12:50:21","slug":"breve-gilles-le-gendre-president-du-groupe-lrem-a-l-assemblee","status":"publish","type":"post","link":"https:\/\/archives.regards.fr\/?p=33735","title":{"rendered":"Gilles Le Gendre, pr\u00e9sident du groupe LREM \u00e0 l\u2019Assembl\u00e9e"},"content":{"rendered":"<p><em>\u00ab Nous avons insuffisamment expliqu\u00e9 ce que nous faisons. Et une deuxi\u00e8me erreur a \u00e9t\u00e9 faite : le fait d&#8217;avoir probablement \u00e9t\u00e9 trop intelligent, trop subtil, trop technique dans les mesures de pouvoir d&#8217;achat. \u00bb<\/em> (17\/12\/2018, Public S\u00e9nat)<\/p>\n","protected":false},"excerpt":{"rendered":"<p>\u00ab Nous avons insuffisamment expliqu\u00e9 ce que nous faisons. Et une deuxi\u00e8me erreur a \u00e9t\u00e9 faite : le fait d&#8217;avoir probablement \u00e9t\u00e9 trop intelligent, trop subtil, trop technique dans les mesures de pouvoir d&#8217;achat. \u00bb (17\/12\/2018, Public S\u00e9nat)<\/p>\n","protected":false},"author":1,"featured_media":0,"comment_status":"open","ping_status":"open","sticky":false,"template":"","format":"standard","meta":{"_themeisle_gutenberg_block_has_review":false,"footnotes":""},"categories":[284],"tags":[],"class_list":["post-33735","post","type-post","status-publish","format-standard","hentry","category-declarama-breves"],"_links":{"self":[{"href":"https:\/\/archives.regards.fr\/index.php?rest_route=\/wp\/v2\/posts\/33735","targetHints":{"allow":["GET"]}}],"collection":[{"href":"https:\/\/archives.regards.fr\/index.php?rest_route=\/wp\/v2\/posts"}],"about":[{"href":"https:\/\/archives.regards.fr\/index.php?rest_route=\/wp\/v2\/types\/post"}],"author":[{"embeddable":true,"href":"https:\/\/archives.regards.fr\/index.php?rest_route=\/wp\/v2\/users\/1"}],"replies":[{"embeddable":true,"href":"https:\/\/archives.regards.fr\/index.php?rest_route=%2Fwp%2Fv2%2Fcomments&post=33735"}],"version-history":[{"count":0,"href":"https:\/\/archives.regards.fr\/index.php?rest_route=\/wp\/v2\/posts\/33735\/revisions"}],"wp:attachment":[{"href":"https:\/\/archives.regards.fr\/index.php?rest_route=%2Fwp%2Fv2%2Fmedia&parent=33735"}],"wp:term":[{"taxonomy":"category","embeddable":true,"href":"https:\/\/archives.regards.fr\/index.php?rest_route=%2Fwp%2Fv2%2Fcategories&post=33735"},{"taxonomy":"post_tag","embeddable":true,"href":"https:\/\/archives.regards.fr\/index.php?rest_route=%2Fwp%2Fv2%2Ftags&post=33735"}],"curies":[{"name":"wp","href":"https:\/\/api.w.org\/{rel}","templated":true}]}}