{"id":33728,"date":"2018-11-07T12:41:54","date_gmt":"2018-11-07T11:41:54","guid":{"rendered":"https:\/\/wp.muchomaas.com\/breve-emmanuel-macron-650\/"},"modified":"2018-11-07T12:41:54","modified_gmt":"2018-11-07T11:41:54","slug":"breve-emmanuel-macron-650","status":"publish","type":"post","link":"https:\/\/archives.regards.fr\/?p=33728","title":{"rendered":"Emmanuel Macron"},"content":{"rendered":"<p><em>\u00ab Le mar\u00e9chal P\u00e9tain a \u00e9t\u00e9, pendant la Premi\u00e8re Guerre mondiale, aussi un grand soldat. \u00bb<\/em> (07\/11\/2018)<\/p>\n","protected":false},"excerpt":{"rendered":"<p>\u00ab Le mar\u00e9chal P\u00e9tain a \u00e9t\u00e9, pendant la Premi\u00e8re Guerre mondiale, aussi un grand soldat. \u00bb (07\/11\/2018)<\/p>\n","protected":false},"author":1,"featured_media":0,"comment_status":"open","ping_status":"open","sticky":false,"template":"","format":"standard","meta":{"_themeisle_gutenberg_block_has_review":false,"footnotes":""},"categories":[284],"tags":[],"class_list":["post-33728","post","type-post","status-publish","format-standard","hentry","category-declarama-breves"],"_links":{"self":[{"href":"https:\/\/archives.regards.fr\/index.php?rest_route=\/wp\/v2\/posts\/33728","targetHints":{"allow":["GET"]}}],"collection":[{"href":"https:\/\/archives.regards.fr\/index.php?rest_route=\/wp\/v2\/posts"}],"about":[{"href":"https:\/\/archives.regards.fr\/index.php?rest_route=\/wp\/v2\/types\/post"}],"author":[{"embeddable":true,"href":"https:\/\/archives.regards.fr\/index.php?rest_route=\/wp\/v2\/users\/1"}],"replies":[{"embeddable":true,"href":"https:\/\/archives.regards.fr\/index.php?rest_route=%2Fwp%2Fv2%2Fcomments&post=33728"}],"version-history":[{"count":0,"href":"https:\/\/archives.regards.fr\/index.php?rest_route=\/wp\/v2\/posts\/33728\/revisions"}],"wp:attachment":[{"href":"https:\/\/archives.regards.fr\/index.php?rest_route=%2Fwp%2Fv2%2Fmedia&parent=33728"}],"wp:term":[{"taxonomy":"category","embeddable":true,"href":"https:\/\/archives.regards.fr\/index.php?rest_route=%2Fwp%2Fv2%2Fcategories&post=33728"},{"taxonomy":"post_tag","embeddable":true,"href":"https:\/\/archives.regards.fr\/index.php?rest_route=%2Fwp%2Fv2%2Ftags&post=33728"}],"curies":[{"name":"wp","href":"https:\/\/api.w.org\/{rel}","templated":true}]}}