{"id":33727,"date":"2018-10-25T09:32:19","date_gmt":"2018-10-25T07:32:19","guid":{"rendered":"https:\/\/wp.muchomaas.com\/breve-jean-baptiste-lemoyne-secretaire-d-etat-aupres-du-ministre-des-affaires\/"},"modified":"2018-10-25T09:32:19","modified_gmt":"2018-10-25T07:32:19","slug":"breve-jean-baptiste-lemoyne-secretaire-d-etat-aupres-du-ministre-des-affaires","status":"publish","type":"post","link":"https:\/\/archives.regards.fr\/?p=33727","title":{"rendered":"Jean-Baptiste Lemoyne, secr\u00e9taire d\u2019Etat aupr\u00e8s du ministre des Affaires \u00e9trang\u00e8res"},"content":{"rendered":"<p><em>\u00ab La France n\u2019est que le sixi\u00e8me fournisseur d\u2019armes de l\u2019Arabie saoudite. <\/em> \u00bb (25\/10\/2018, <em>L&#8217;Opinion<\/em>)<\/p>\n","protected":false},"excerpt":{"rendered":"<p>\u00ab La France n\u2019est que le sixi\u00e8me fournisseur d\u2019armes de l\u2019Arabie saoudite. \u00bb (25\/10\/2018, L&#8217;Opinion)<\/p>\n","protected":false},"author":1,"featured_media":0,"comment_status":"open","ping_status":"open","sticky":false,"template":"","format":"standard","meta":{"_themeisle_gutenberg_block_has_review":false,"footnotes":""},"categories":[284],"tags":[],"class_list":["post-33727","post","type-post","status-publish","format-standard","hentry","category-declarama-breves"],"_links":{"self":[{"href":"https:\/\/archives.regards.fr\/index.php?rest_route=\/wp\/v2\/posts\/33727","targetHints":{"allow":["GET"]}}],"collection":[{"href":"https:\/\/archives.regards.fr\/index.php?rest_route=\/wp\/v2\/posts"}],"about":[{"href":"https:\/\/archives.regards.fr\/index.php?rest_route=\/wp\/v2\/types\/post"}],"author":[{"embeddable":true,"href":"https:\/\/archives.regards.fr\/index.php?rest_route=\/wp\/v2\/users\/1"}],"replies":[{"embeddable":true,"href":"https:\/\/archives.regards.fr\/index.php?rest_route=%2Fwp%2Fv2%2Fcomments&post=33727"}],"version-history":[{"count":0,"href":"https:\/\/archives.regards.fr\/index.php?rest_route=\/wp\/v2\/posts\/33727\/revisions"}],"wp:attachment":[{"href":"https:\/\/archives.regards.fr\/index.php?rest_route=%2Fwp%2Fv2%2Fmedia&parent=33727"}],"wp:term":[{"taxonomy":"category","embeddable":true,"href":"https:\/\/archives.regards.fr\/index.php?rest_route=%2Fwp%2Fv2%2Fcategories&post=33727"},{"taxonomy":"post_tag","embeddable":true,"href":"https:\/\/archives.regards.fr\/index.php?rest_route=%2Fwp%2Fv2%2Ftags&post=33727"}],"curies":[{"name":"wp","href":"https:\/\/api.w.org\/{rel}","templated":true}]}}