{"id":33725,"date":"2018-10-17T10:13:52","date_gmt":"2018-10-17T08:13:52","guid":{"rendered":"https:\/\/wp.muchomaas.com\/breve-benjamin-griveaux-porte-parole-du-gouvernement\/"},"modified":"2018-10-17T10:13:52","modified_gmt":"2018-10-17T08:13:52","slug":"breve-benjamin-griveaux-porte-parole-du-gouvernement","status":"publish","type":"post","link":"https:\/\/archives.regards.fr\/?p=33725","title":{"rendered":"Benjamin Griveaux, porte-parole du gouvernement"},"content":{"rendered":"<p><em>\u00ab M\u00e9lenchon est r\u00e9publicain quand \u00e7a l\u2019arrange. [&#8230;] On n&#8217;est pas au Venezuela, m\u00eame si je sais qu&#8217;il a une fascination pour ce pays et la mani\u00e8re dont l&#8217;Etat de droit est r\u00e9gl\u00e9 dans ce cas-l\u00e0. Ici, on est en France, l\u2019ind\u00e9pendance de la justice, elle est totale. \u00bb<\/em> (17\/10\/2018, RTL)<\/p>\n","protected":false},"excerpt":{"rendered":"<p>\u00ab M\u00e9lenchon est r\u00e9publicain quand \u00e7a l\u2019arrange. [&#8230;] On n&#8217;est pas au Venezuela, m\u00eame si je sais qu&#8217;il a une fascination pour ce pays et la mani\u00e8re dont l&#8217;Etat de droit est r\u00e9gl\u00e9 dans ce cas-l\u00e0. Ici, on est en France, l\u2019ind\u00e9pendance de la justice, elle est totale. \u00bb (17\/10\/2018, RTL)<\/p>\n","protected":false},"author":1,"featured_media":0,"comment_status":"open","ping_status":"open","sticky":false,"template":"","format":"standard","meta":{"_themeisle_gutenberg_block_has_review":false,"footnotes":""},"categories":[284],"tags":[],"class_list":["post-33725","post","type-post","status-publish","format-standard","hentry","category-declarama-breves"],"_links":{"self":[{"href":"https:\/\/archives.regards.fr\/index.php?rest_route=\/wp\/v2\/posts\/33725","targetHints":{"allow":["GET"]}}],"collection":[{"href":"https:\/\/archives.regards.fr\/index.php?rest_route=\/wp\/v2\/posts"}],"about":[{"href":"https:\/\/archives.regards.fr\/index.php?rest_route=\/wp\/v2\/types\/post"}],"author":[{"embeddable":true,"href":"https:\/\/archives.regards.fr\/index.php?rest_route=\/wp\/v2\/users\/1"}],"replies":[{"embeddable":true,"href":"https:\/\/archives.regards.fr\/index.php?rest_route=%2Fwp%2Fv2%2Fcomments&post=33725"}],"version-history":[{"count":0,"href":"https:\/\/archives.regards.fr\/index.php?rest_route=\/wp\/v2\/posts\/33725\/revisions"}],"wp:attachment":[{"href":"https:\/\/archives.regards.fr\/index.php?rest_route=%2Fwp%2Fv2%2Fmedia&parent=33725"}],"wp:term":[{"taxonomy":"category","embeddable":true,"href":"https:\/\/archives.regards.fr\/index.php?rest_route=%2Fwp%2Fv2%2Fcategories&post=33725"},{"taxonomy":"post_tag","embeddable":true,"href":"https:\/\/archives.regards.fr\/index.php?rest_route=%2Fwp%2Fv2%2Ftags&post=33725"}],"curies":[{"name":"wp","href":"https:\/\/api.w.org\/{rel}","templated":true}]}}