{"id":33715,"date":"2018-08-12T16:50:32","date_gmt":"2018-08-12T14:50:32","guid":{"rendered":"https:\/\/wp.muchomaas.com\/breve-laurent-saint-martin-depute-lrem\/"},"modified":"2018-08-12T16:50:32","modified_gmt":"2018-08-12T14:50:32","slug":"breve-laurent-saint-martin-depute-lrem","status":"publish","type":"post","link":"https:\/\/archives.regards.fr\/?p=33715","title":{"rendered":"Laurent Saint-Martin (d\u00e9put\u00e9 LREM)"},"content":{"rendered":"<p><em>\u00ab S&#8217;il y a bien une personne au sein de la R\u00e9publique qui repr\u00e9sente le mieux l&#8217;int\u00e9grit\u00e9 et la droiture, c&#8217;est Alexis Kohler. \u00bb<\/em> (10\/08\/2018, franceinfo) <\/p>\n","protected":false},"excerpt":{"rendered":"<p>\u00ab S&#8217;il y a bien une personne au sein de la R\u00e9publique qui repr\u00e9sente le mieux l&#8217;int\u00e9grit\u00e9 et la droiture, c&#8217;est Alexis Kohler. \u00bb (10\/08\/2018, franceinfo)<\/p>\n","protected":false},"author":1,"featured_media":0,"comment_status":"open","ping_status":"open","sticky":false,"template":"","format":"standard","meta":{"_themeisle_gutenberg_block_has_review":false,"footnotes":""},"categories":[284],"tags":[],"class_list":["post-33715","post","type-post","status-publish","format-standard","hentry","category-declarama-breves"],"_links":{"self":[{"href":"https:\/\/archives.regards.fr\/index.php?rest_route=\/wp\/v2\/posts\/33715","targetHints":{"allow":["GET"]}}],"collection":[{"href":"https:\/\/archives.regards.fr\/index.php?rest_route=\/wp\/v2\/posts"}],"about":[{"href":"https:\/\/archives.regards.fr\/index.php?rest_route=\/wp\/v2\/types\/post"}],"author":[{"embeddable":true,"href":"https:\/\/archives.regards.fr\/index.php?rest_route=\/wp\/v2\/users\/1"}],"replies":[{"embeddable":true,"href":"https:\/\/archives.regards.fr\/index.php?rest_route=%2Fwp%2Fv2%2Fcomments&post=33715"}],"version-history":[{"count":0,"href":"https:\/\/archives.regards.fr\/index.php?rest_route=\/wp\/v2\/posts\/33715\/revisions"}],"wp:attachment":[{"href":"https:\/\/archives.regards.fr\/index.php?rest_route=%2Fwp%2Fv2%2Fmedia&parent=33715"}],"wp:term":[{"taxonomy":"category","embeddable":true,"href":"https:\/\/archives.regards.fr\/index.php?rest_route=%2Fwp%2Fv2%2Fcategories&post=33715"},{"taxonomy":"post_tag","embeddable":true,"href":"https:\/\/archives.regards.fr\/index.php?rest_route=%2Fwp%2Fv2%2Ftags&post=33715"}],"curies":[{"name":"wp","href":"https:\/\/api.w.org\/{rel}","templated":true}]}}