{"id":33712,"date":"2018-06-26T11:58:38","date_gmt":"2018-06-26T09:58:38","guid":{"rendered":"https:\/\/wp.muchomaas.com\/breve-bruno-retailleau-lr\/"},"modified":"2018-06-26T11:58:38","modified_gmt":"2018-06-26T09:58:38","slug":"breve-bruno-retailleau-lr","status":"publish","type":"post","link":"https:\/\/archives.regards.fr\/?p=33712","title":{"rendered":"Bruno Retailleau (LR)"},"content":{"rendered":"<p>\u00ab On aurait d\u00fb retourner les 239 passagers du Lifeline d&#8217;o\u00f9 ils venaient. Une politique de fermet\u00e9 est soeur d&#8217;une politique d&#8217;humanit\u00e9. \u00bb (France Inter, 26\/06\/2018)<\/p>\n","protected":false},"excerpt":{"rendered":"<p>\u00ab On aurait d\u00fb retourner les 239 passagers du Lifeline d&#8217;o\u00f9 ils venaient. Une politique de fermet\u00e9 est soeur d&#8217;une politique d&#8217;humanit\u00e9. \u00bb (France Inter, 26\/06\/2018)<\/p>\n","protected":false},"author":1,"featured_media":0,"comment_status":"open","ping_status":"open","sticky":false,"template":"","format":"standard","meta":{"_themeisle_gutenberg_block_has_review":false,"footnotes":""},"categories":[284],"tags":[],"class_list":["post-33712","post","type-post","status-publish","format-standard","hentry","category-declarama-breves"],"_links":{"self":[{"href":"https:\/\/archives.regards.fr\/index.php?rest_route=\/wp\/v2\/posts\/33712","targetHints":{"allow":["GET"]}}],"collection":[{"href":"https:\/\/archives.regards.fr\/index.php?rest_route=\/wp\/v2\/posts"}],"about":[{"href":"https:\/\/archives.regards.fr\/index.php?rest_route=\/wp\/v2\/types\/post"}],"author":[{"embeddable":true,"href":"https:\/\/archives.regards.fr\/index.php?rest_route=\/wp\/v2\/users\/1"}],"replies":[{"embeddable":true,"href":"https:\/\/archives.regards.fr\/index.php?rest_route=%2Fwp%2Fv2%2Fcomments&post=33712"}],"version-history":[{"count":0,"href":"https:\/\/archives.regards.fr\/index.php?rest_route=\/wp\/v2\/posts\/33712\/revisions"}],"wp:attachment":[{"href":"https:\/\/archives.regards.fr\/index.php?rest_route=%2Fwp%2Fv2%2Fmedia&parent=33712"}],"wp:term":[{"taxonomy":"category","embeddable":true,"href":"https:\/\/archives.regards.fr\/index.php?rest_route=%2Fwp%2Fv2%2Fcategories&post=33712"},{"taxonomy":"post_tag","embeddable":true,"href":"https:\/\/archives.regards.fr\/index.php?rest_route=%2Fwp%2Fv2%2Ftags&post=33712"}],"curies":[{"name":"wp","href":"https:\/\/api.w.org\/{rel}","templated":true}]}}