{"id":33704,"date":"2018-03-30T09:02:55","date_gmt":"2018-03-30T07:02:55","guid":{"rendered":"https:\/\/wp.muchomaas.com\/breve-emmanuel-macron-620\/"},"modified":"2018-03-30T09:02:55","modified_gmt":"2018-03-30T07:02:55","slug":"breve-emmanuel-macron-620","status":"publish","type":"post","link":"https:\/\/archives.regards.fr\/?p=33704","title":{"rendered":"Emmanuel Macron"},"content":{"rendered":"<p><em>\u00ab\u00a0Je crois dans l&#8217;autonomie et la souverainet\u00e9. La d\u00e9mocratie est le syst\u00e8me le plus bottom up de la terre.\u00a0\u00bb <\/em> (29\/03\/2018)<\/p>\n","protected":false},"excerpt":{"rendered":"<p>\u00ab\u00a0Je crois dans l&#8217;autonomie et la souverainet\u00e9. La d\u00e9mocratie est le syst\u00e8me le plus bottom up de la terre.\u00a0\u00bb (29\/03\/2018)<\/p>\n","protected":false},"author":1,"featured_media":0,"comment_status":"open","ping_status":"open","sticky":false,"template":"","format":"standard","meta":{"_themeisle_gutenberg_block_has_review":false,"footnotes":""},"categories":[284],"tags":[],"class_list":["post-33704","post","type-post","status-publish","format-standard","hentry","category-declarama-breves"],"_links":{"self":[{"href":"https:\/\/archives.regards.fr\/index.php?rest_route=\/wp\/v2\/posts\/33704","targetHints":{"allow":["GET"]}}],"collection":[{"href":"https:\/\/archives.regards.fr\/index.php?rest_route=\/wp\/v2\/posts"}],"about":[{"href":"https:\/\/archives.regards.fr\/index.php?rest_route=\/wp\/v2\/types\/post"}],"author":[{"embeddable":true,"href":"https:\/\/archives.regards.fr\/index.php?rest_route=\/wp\/v2\/users\/1"}],"replies":[{"embeddable":true,"href":"https:\/\/archives.regards.fr\/index.php?rest_route=%2Fwp%2Fv2%2Fcomments&post=33704"}],"version-history":[{"count":0,"href":"https:\/\/archives.regards.fr\/index.php?rest_route=\/wp\/v2\/posts\/33704\/revisions"}],"wp:attachment":[{"href":"https:\/\/archives.regards.fr\/index.php?rest_route=%2Fwp%2Fv2%2Fmedia&parent=33704"}],"wp:term":[{"taxonomy":"category","embeddable":true,"href":"https:\/\/archives.regards.fr\/index.php?rest_route=%2Fwp%2Fv2%2Fcategories&post=33704"},{"taxonomy":"post_tag","embeddable":true,"href":"https:\/\/archives.regards.fr\/index.php?rest_route=%2Fwp%2Fv2%2Ftags&post=33704"}],"curies":[{"name":"wp","href":"https:\/\/api.w.org\/{rel}","templated":true}]}}