{"id":33655,"date":"2017-05-29T15:19:12","date_gmt":"2017-05-29T13:19:12","guid":{"rendered":"https:\/\/wp.muchomaas.com\/breve-jean-christophe-cambadelis-567\/"},"modified":"2017-05-29T15:19:12","modified_gmt":"2017-05-29T13:19:12","slug":"breve-jean-christophe-cambadelis-567","status":"publish","type":"post","link":"https:\/\/archives.regards.fr\/?p=33655","title":{"rendered":"Jean-Christophe Cambadelis"},"content":{"rendered":"<p><em>\u00ab\u00a0Nous avons perdu 40.000 militants en trois ans. Notre d\u00e9fi est maintenant de se r\u00e9approprier le terrain. \u00c0 tous les \u00e9chelons, pour ne pas \u00eatre \u00e0 la merci en France d\u2019un mouvement comme Podemos.\u00a0\u00bb<\/em> (L&#8217;Opinion, 26\/05\/2017)<\/p>\n","protected":false},"excerpt":{"rendered":"<p>\u00ab\u00a0Nous avons perdu 40.000 militants en trois ans. Notre d\u00e9fi est maintenant de se r\u00e9approprier le terrain. \u00c0 tous les \u00e9chelons, pour ne pas \u00eatre \u00e0 la merci en France d\u2019un mouvement comme Podemos.\u00a0\u00bb (L&#8217;Opinion, 26\/05\/2017)<\/p>\n","protected":false},"author":1,"featured_media":0,"comment_status":"open","ping_status":"open","sticky":false,"template":"","format":"standard","meta":{"_themeisle_gutenberg_block_has_review":false,"footnotes":""},"categories":[284],"tags":[],"class_list":["post-33655","post","type-post","status-publish","format-standard","hentry","category-declarama-breves"],"_links":{"self":[{"href":"https:\/\/archives.regards.fr\/index.php?rest_route=\/wp\/v2\/posts\/33655","targetHints":{"allow":["GET"]}}],"collection":[{"href":"https:\/\/archives.regards.fr\/index.php?rest_route=\/wp\/v2\/posts"}],"about":[{"href":"https:\/\/archives.regards.fr\/index.php?rest_route=\/wp\/v2\/types\/post"}],"author":[{"embeddable":true,"href":"https:\/\/archives.regards.fr\/index.php?rest_route=\/wp\/v2\/users\/1"}],"replies":[{"embeddable":true,"href":"https:\/\/archives.regards.fr\/index.php?rest_route=%2Fwp%2Fv2%2Fcomments&post=33655"}],"version-history":[{"count":0,"href":"https:\/\/archives.regards.fr\/index.php?rest_route=\/wp\/v2\/posts\/33655\/revisions"}],"wp:attachment":[{"href":"https:\/\/archives.regards.fr\/index.php?rest_route=%2Fwp%2Fv2%2Fmedia&parent=33655"}],"wp:term":[{"taxonomy":"category","embeddable":true,"href":"https:\/\/archives.regards.fr\/index.php?rest_route=%2Fwp%2Fv2%2Fcategories&post=33655"},{"taxonomy":"post_tag","embeddable":true,"href":"https:\/\/archives.regards.fr\/index.php?rest_route=%2Fwp%2Fv2%2Ftags&post=33655"}],"curies":[{"name":"wp","href":"https:\/\/api.w.org\/{rel}","templated":true}]}}