{"id":33653,"date":"2017-04-17T14:15:00","date_gmt":"2017-04-17T12:15:00","guid":{"rendered":"https:\/\/wp.muchomaas.com\/breve-jean-lassalle\/"},"modified":"2017-04-17T14:15:00","modified_gmt":"2017-04-17T12:15:00","slug":"breve-jean-lassalle","status":"publish","type":"post","link":"https:\/\/archives.regards.fr\/?p=33653","title":{"rendered":"Jean Lassalle"},"content":{"rendered":"<p><em>\u00ab\u00a0Mon \u00e9lection va avoir le m\u00eame retentissement que celle d&#8217;Obama aux \u00c9tats-Unis.\u00a0\u00bb<\/em> (17\/04\/2017)<\/p>\n","protected":false},"excerpt":{"rendered":"<p>\u00ab\u00a0Mon \u00e9lection va avoir le m\u00eame retentissement que celle d&#8217;Obama aux \u00c9tats-Unis.\u00a0\u00bb (17\/04\/2017)<\/p>\n","protected":false},"author":1,"featured_media":0,"comment_status":"open","ping_status":"open","sticky":false,"template":"","format":"standard","meta":{"_themeisle_gutenberg_block_has_review":false,"footnotes":""},"categories":[284],"tags":[],"class_list":["post-33653","post","type-post","status-publish","format-standard","hentry","category-declarama-breves"],"_links":{"self":[{"href":"https:\/\/archives.regards.fr\/index.php?rest_route=\/wp\/v2\/posts\/33653","targetHints":{"allow":["GET"]}}],"collection":[{"href":"https:\/\/archives.regards.fr\/index.php?rest_route=\/wp\/v2\/posts"}],"about":[{"href":"https:\/\/archives.regards.fr\/index.php?rest_route=\/wp\/v2\/types\/post"}],"author":[{"embeddable":true,"href":"https:\/\/archives.regards.fr\/index.php?rest_route=\/wp\/v2\/users\/1"}],"replies":[{"embeddable":true,"href":"https:\/\/archives.regards.fr\/index.php?rest_route=%2Fwp%2Fv2%2Fcomments&post=33653"}],"version-history":[{"count":0,"href":"https:\/\/archives.regards.fr\/index.php?rest_route=\/wp\/v2\/posts\/33653\/revisions"}],"wp:attachment":[{"href":"https:\/\/archives.regards.fr\/index.php?rest_route=%2Fwp%2Fv2%2Fmedia&parent=33653"}],"wp:term":[{"taxonomy":"category","embeddable":true,"href":"https:\/\/archives.regards.fr\/index.php?rest_route=%2Fwp%2Fv2%2Fcategories&post=33653"},{"taxonomy":"post_tag","embeddable":true,"href":"https:\/\/archives.regards.fr\/index.php?rest_route=%2Fwp%2Fv2%2Ftags&post=33653"}],"curies":[{"name":"wp","href":"https:\/\/api.w.org\/{rel}","templated":true}]}}