{"id":33630,"date":"2017-03-17T15:04:10","date_gmt":"2017-03-17T14:04:10","guid":{"rendered":"https:\/\/wp.muchomaas.com\/breve-jean-francois-cope-529\/"},"modified":"2017-03-17T15:04:10","modified_gmt":"2017-03-17T14:04:10","slug":"breve-jean-francois-cope-529","status":"publish","type":"post","link":"https:\/\/archives.regards.fr\/?p=33630","title":{"rendered":"Jean-Fran\u00e7ois Cop\u00e9"},"content":{"rendered":"<p><em>\u00ab\u00a0La cop\u00e9isation des esprits me touche ! Je suis tr\u00e8s content qu&#8217;il<\/em> [Fran\u00e7ois Fillon]<em> reprenne ces th\u00e8mes. \u00bb<\/em> (16\/03\/2017)<\/p>\n","protected":false},"excerpt":{"rendered":"<p>\u00ab\u00a0La cop\u00e9isation des esprits me touche ! Je suis tr\u00e8s content qu&#8217;il [Fran\u00e7ois Fillon] reprenne ces th\u00e8mes. \u00bb (16\/03\/2017)<\/p>\n","protected":false},"author":1,"featured_media":0,"comment_status":"open","ping_status":"open","sticky":false,"template":"","format":"standard","meta":{"_themeisle_gutenberg_block_has_review":false,"footnotes":""},"categories":[284],"tags":[],"class_list":["post-33630","post","type-post","status-publish","format-standard","hentry","category-declarama-breves"],"_links":{"self":[{"href":"https:\/\/archives.regards.fr\/index.php?rest_route=\/wp\/v2\/posts\/33630","targetHints":{"allow":["GET"]}}],"collection":[{"href":"https:\/\/archives.regards.fr\/index.php?rest_route=\/wp\/v2\/posts"}],"about":[{"href":"https:\/\/archives.regards.fr\/index.php?rest_route=\/wp\/v2\/types\/post"}],"author":[{"embeddable":true,"href":"https:\/\/archives.regards.fr\/index.php?rest_route=\/wp\/v2\/users\/1"}],"replies":[{"embeddable":true,"href":"https:\/\/archives.regards.fr\/index.php?rest_route=%2Fwp%2Fv2%2Fcomments&post=33630"}],"version-history":[{"count":0,"href":"https:\/\/archives.regards.fr\/index.php?rest_route=\/wp\/v2\/posts\/33630\/revisions"}],"wp:attachment":[{"href":"https:\/\/archives.regards.fr\/index.php?rest_route=%2Fwp%2Fv2%2Fmedia&parent=33630"}],"wp:term":[{"taxonomy":"category","embeddable":true,"href":"https:\/\/archives.regards.fr\/index.php?rest_route=%2Fwp%2Fv2%2Fcategories&post=33630"},{"taxonomy":"post_tag","embeddable":true,"href":"https:\/\/archives.regards.fr\/index.php?rest_route=%2Fwp%2Fv2%2Ftags&post=33630"}],"curies":[{"name":"wp","href":"https:\/\/api.w.org\/{rel}","templated":true}]}}