{"id":33613,"date":"2017-02-06T23:52:29","date_gmt":"2017-02-06T22:52:29","guid":{"rendered":"https:\/\/wp.muchomaas.com\/breve-geoffroy-didier-505\/"},"modified":"2017-02-06T23:52:29","modified_gmt":"2017-02-06T22:52:29","slug":"breve-geoffroy-didier-505","status":"publish","type":"post","link":"https:\/\/archives.regards.fr\/?p=33613","title":{"rendered":"Geoffroy Didier"},"content":{"rendered":"<p><em>\u00ab\u00a0Je n&#8217;en peux plus de Fran\u00e7ois Hollande et du PS. Je veux que la droite gagne. Je vote donc Fran\u00e7ois Fillon et j&#8217;arr\u00eate de me poser trop de questions. \u00bb <\/em> (06\/02\/2017)<\/p>\n","protected":false},"excerpt":{"rendered":"<p>\u00ab\u00a0Je n&#8217;en peux plus de Fran\u00e7ois Hollande et du PS. Je veux que la droite gagne. Je vote donc Fran\u00e7ois Fillon et j&#8217;arr\u00eate de me poser trop de questions. \u00bb (06\/02\/2017)<\/p>\n","protected":false},"author":1,"featured_media":0,"comment_status":"open","ping_status":"open","sticky":false,"template":"","format":"standard","meta":{"_themeisle_gutenberg_block_has_review":false,"footnotes":""},"categories":[284],"tags":[],"class_list":["post-33613","post","type-post","status-publish","format-standard","hentry","category-declarama-breves"],"_links":{"self":[{"href":"https:\/\/archives.regards.fr\/index.php?rest_route=\/wp\/v2\/posts\/33613","targetHints":{"allow":["GET"]}}],"collection":[{"href":"https:\/\/archives.regards.fr\/index.php?rest_route=\/wp\/v2\/posts"}],"about":[{"href":"https:\/\/archives.regards.fr\/index.php?rest_route=\/wp\/v2\/types\/post"}],"author":[{"embeddable":true,"href":"https:\/\/archives.regards.fr\/index.php?rest_route=\/wp\/v2\/users\/1"}],"replies":[{"embeddable":true,"href":"https:\/\/archives.regards.fr\/index.php?rest_route=%2Fwp%2Fv2%2Fcomments&post=33613"}],"version-history":[{"count":0,"href":"https:\/\/archives.regards.fr\/index.php?rest_route=\/wp\/v2\/posts\/33613\/revisions"}],"wp:attachment":[{"href":"https:\/\/archives.regards.fr\/index.php?rest_route=%2Fwp%2Fv2%2Fmedia&parent=33613"}],"wp:term":[{"taxonomy":"category","embeddable":true,"href":"https:\/\/archives.regards.fr\/index.php?rest_route=%2Fwp%2Fv2%2Fcategories&post=33613"},{"taxonomy":"post_tag","embeddable":true,"href":"https:\/\/archives.regards.fr\/index.php?rest_route=%2Fwp%2Fv2%2Ftags&post=33613"}],"curies":[{"name":"wp","href":"https:\/\/api.w.org\/{rel}","templated":true}]}}