{"id":33612,"date":"2017-02-06T10:54:18","date_gmt":"2017-02-06T09:54:18","guid":{"rendered":"https:\/\/wp.muchomaas.com\/breve-najat-vallaud-belkacem-504\/"},"modified":"2017-02-06T10:54:18","modified_gmt":"2017-02-06T09:54:18","slug":"breve-najat-vallaud-belkacem-504","status":"publish","type":"post","link":"https:\/\/archives.regards.fr\/?p=33612","title":{"rendered":"Najat Vallaud-Belkacem"},"content":{"rendered":"<p><em>\u00ab\u00a0Beno\u00eet Hamon a vot\u00e9 tous les textes budg\u00e9taires, il a soutenu le CICE&#8230; Mais il faut \u00e9crire une nouvelle page.\u00a0\u00bb<\/em> (France Inter, 06\/02\/2017)<\/p>\n","protected":false},"excerpt":{"rendered":"<p>\u00ab\u00a0Beno\u00eet Hamon a vot\u00e9 tous les textes budg\u00e9taires, il a soutenu le CICE&#8230; Mais il faut \u00e9crire une nouvelle page.\u00a0\u00bb (France Inter, 06\/02\/2017)<\/p>\n","protected":false},"author":1,"featured_media":0,"comment_status":"open","ping_status":"open","sticky":false,"template":"","format":"standard","meta":{"_themeisle_gutenberg_block_has_review":false,"footnotes":""},"categories":[284],"tags":[],"class_list":["post-33612","post","type-post","status-publish","format-standard","hentry","category-declarama-breves"],"_links":{"self":[{"href":"https:\/\/archives.regards.fr\/index.php?rest_route=\/wp\/v2\/posts\/33612","targetHints":{"allow":["GET"]}}],"collection":[{"href":"https:\/\/archives.regards.fr\/index.php?rest_route=\/wp\/v2\/posts"}],"about":[{"href":"https:\/\/archives.regards.fr\/index.php?rest_route=\/wp\/v2\/types\/post"}],"author":[{"embeddable":true,"href":"https:\/\/archives.regards.fr\/index.php?rest_route=\/wp\/v2\/users\/1"}],"replies":[{"embeddable":true,"href":"https:\/\/archives.regards.fr\/index.php?rest_route=%2Fwp%2Fv2%2Fcomments&post=33612"}],"version-history":[{"count":0,"href":"https:\/\/archives.regards.fr\/index.php?rest_route=\/wp\/v2\/posts\/33612\/revisions"}],"wp:attachment":[{"href":"https:\/\/archives.regards.fr\/index.php?rest_route=%2Fwp%2Fv2%2Fmedia&parent=33612"}],"wp:term":[{"taxonomy":"category","embeddable":true,"href":"https:\/\/archives.regards.fr\/index.php?rest_route=%2Fwp%2Fv2%2Fcategories&post=33612"},{"taxonomy":"post_tag","embeddable":true,"href":"https:\/\/archives.regards.fr\/index.php?rest_route=%2Fwp%2Fv2%2Ftags&post=33612"}],"curies":[{"name":"wp","href":"https:\/\/api.w.org\/{rel}","templated":true}]}}