{"id":33603,"date":"2017-01-24T15:38:26","date_gmt":"2017-01-24T14:38:26","guid":{"rendered":"https:\/\/wp.muchomaas.com\/breve-malek-boutih-495\/"},"modified":"2017-01-24T15:38:26","modified_gmt":"2017-01-24T14:38:26","slug":"breve-malek-boutih-495","status":"publish","type":"post","link":"https:\/\/archives.regards.fr\/?p=33603","title":{"rendered":"Malek Boutih"},"content":{"rendered":"<p><em>\u00ab\u00a0Beno\u00eet Hamon est en r\u00e9sonance avec une frange islamo-gauchiste et fait un appel du pied \u00e9lectoral.\u00a0\u00bb<\/em> (20 Minutes, 23\/01\/2017)<\/p>\n","protected":false},"excerpt":{"rendered":"<p>\u00ab\u00a0Beno\u00eet Hamon est en r\u00e9sonance avec une frange islamo-gauchiste et fait un appel du pied \u00e9lectoral.\u00a0\u00bb (20 Minutes, 23\/01\/2017)<\/p>\n","protected":false},"author":1,"featured_media":0,"comment_status":"open","ping_status":"open","sticky":false,"template":"","format":"standard","meta":{"_themeisle_gutenberg_block_has_review":false,"footnotes":""},"categories":[284],"tags":[],"class_list":["post-33603","post","type-post","status-publish","format-standard","hentry","category-declarama-breves"],"_links":{"self":[{"href":"https:\/\/archives.regards.fr\/index.php?rest_route=\/wp\/v2\/posts\/33603","targetHints":{"allow":["GET"]}}],"collection":[{"href":"https:\/\/archives.regards.fr\/index.php?rest_route=\/wp\/v2\/posts"}],"about":[{"href":"https:\/\/archives.regards.fr\/index.php?rest_route=\/wp\/v2\/types\/post"}],"author":[{"embeddable":true,"href":"https:\/\/archives.regards.fr\/index.php?rest_route=\/wp\/v2\/users\/1"}],"replies":[{"embeddable":true,"href":"https:\/\/archives.regards.fr\/index.php?rest_route=%2Fwp%2Fv2%2Fcomments&post=33603"}],"version-history":[{"count":0,"href":"https:\/\/archives.regards.fr\/index.php?rest_route=\/wp\/v2\/posts\/33603\/revisions"}],"wp:attachment":[{"href":"https:\/\/archives.regards.fr\/index.php?rest_route=%2Fwp%2Fv2%2Fmedia&parent=33603"}],"wp:term":[{"taxonomy":"category","embeddable":true,"href":"https:\/\/archives.regards.fr\/index.php?rest_route=%2Fwp%2Fv2%2Fcategories&post=33603"},{"taxonomy":"post_tag","embeddable":true,"href":"https:\/\/archives.regards.fr\/index.php?rest_route=%2Fwp%2Fv2%2Ftags&post=33603"}],"curies":[{"name":"wp","href":"https:\/\/api.w.org\/{rel}","templated":true}]}}