{"id":33584,"date":"2016-12-13T16:56:18","date_gmt":"2016-12-13T15:56:18","guid":{"rendered":"https:\/\/wp.muchomaas.com\/breve-bernard-cazeneuve-467\/"},"modified":"2016-12-13T16:56:18","modified_gmt":"2016-12-13T15:56:18","slug":"breve-bernard-cazeneuve-467","status":"publish","type":"post","link":"https:\/\/archives.regards.fr\/?p=33584","title":{"rendered":"Bernard Cazeneuve"},"content":{"rendered":"<p><em>\u00ab\u00a0La force de notre R\u00e9publique est de se d\u00e9fendre avec les armes de l&#8217;\u00c9tat de droit : nous proposons la prolongation de l&#8217;\u00e9tat d&#8217;urgence.\u00a0\u00bb<\/em> (13\/12\/2016)<\/p>\n","protected":false},"excerpt":{"rendered":"<p>\u00ab\u00a0La force de notre R\u00e9publique est de se d\u00e9fendre avec les armes de l&#8217;\u00c9tat de droit : nous proposons la prolongation de l&#8217;\u00e9tat d&#8217;urgence.\u00a0\u00bb (13\/12\/2016)<\/p>\n","protected":false},"author":1,"featured_media":0,"comment_status":"open","ping_status":"open","sticky":false,"template":"","format":"standard","meta":{"_themeisle_gutenberg_block_has_review":false,"footnotes":""},"categories":[284],"tags":[],"class_list":["post-33584","post","type-post","status-publish","format-standard","hentry","category-declarama-breves"],"_links":{"self":[{"href":"https:\/\/archives.regards.fr\/index.php?rest_route=\/wp\/v2\/posts\/33584","targetHints":{"allow":["GET"]}}],"collection":[{"href":"https:\/\/archives.regards.fr\/index.php?rest_route=\/wp\/v2\/posts"}],"about":[{"href":"https:\/\/archives.regards.fr\/index.php?rest_route=\/wp\/v2\/types\/post"}],"author":[{"embeddable":true,"href":"https:\/\/archives.regards.fr\/index.php?rest_route=\/wp\/v2\/users\/1"}],"replies":[{"embeddable":true,"href":"https:\/\/archives.regards.fr\/index.php?rest_route=%2Fwp%2Fv2%2Fcomments&post=33584"}],"version-history":[{"count":0,"href":"https:\/\/archives.regards.fr\/index.php?rest_route=\/wp\/v2\/posts\/33584\/revisions"}],"wp:attachment":[{"href":"https:\/\/archives.regards.fr\/index.php?rest_route=%2Fwp%2Fv2%2Fmedia&parent=33584"}],"wp:term":[{"taxonomy":"category","embeddable":true,"href":"https:\/\/archives.regards.fr\/index.php?rest_route=%2Fwp%2Fv2%2Fcategories&post=33584"},{"taxonomy":"post_tag","embeddable":true,"href":"https:\/\/archives.regards.fr\/index.php?rest_route=%2Fwp%2Fv2%2Ftags&post=33584"}],"curies":[{"name":"wp","href":"https:\/\/api.w.org\/{rel}","templated":true}]}}