{"id":33552,"date":"2016-09-28T10:37:31","date_gmt":"2016-09-28T08:37:31","guid":{"rendered":"https:\/\/wp.muchomaas.com\/breve-francois-rebsamen-426\/"},"modified":"2016-09-28T10:37:31","modified_gmt":"2016-09-28T08:37:31","slug":"breve-francois-rebsamen-426","status":"publish","type":"post","link":"https:\/\/archives.regards.fr\/?p=33552","title":{"rendered":"Fran\u00e7ois Rebsamen"},"content":{"rendered":"<p><em>\u00ab\u00a0Je crois en la parole de Fran\u00e7ois Hollande. La courbe du ch\u00f4mage a \u00e9t\u00e9 invers\u00e9e. La droite est d\u00e9faitiste et d\u00e9cliniste. \u00bb<\/em> (RFI, 28\/09\/2016)<\/p>\n","protected":false},"excerpt":{"rendered":"<p>\u00ab\u00a0Je crois en la parole de Fran\u00e7ois Hollande. La courbe du ch\u00f4mage a \u00e9t\u00e9 invers\u00e9e. La droite est d\u00e9faitiste et d\u00e9cliniste. \u00bb (RFI, 28\/09\/2016)<\/p>\n","protected":false},"author":1,"featured_media":0,"comment_status":"open","ping_status":"open","sticky":false,"template":"","format":"standard","meta":{"_themeisle_gutenberg_block_has_review":false,"footnotes":""},"categories":[284],"tags":[],"class_list":["post-33552","post","type-post","status-publish","format-standard","hentry","category-declarama-breves"],"_links":{"self":[{"href":"https:\/\/archives.regards.fr\/index.php?rest_route=\/wp\/v2\/posts\/33552","targetHints":{"allow":["GET"]}}],"collection":[{"href":"https:\/\/archives.regards.fr\/index.php?rest_route=\/wp\/v2\/posts"}],"about":[{"href":"https:\/\/archives.regards.fr\/index.php?rest_route=\/wp\/v2\/types\/post"}],"author":[{"embeddable":true,"href":"https:\/\/archives.regards.fr\/index.php?rest_route=\/wp\/v2\/users\/1"}],"replies":[{"embeddable":true,"href":"https:\/\/archives.regards.fr\/index.php?rest_route=%2Fwp%2Fv2%2Fcomments&post=33552"}],"version-history":[{"count":0,"href":"https:\/\/archives.regards.fr\/index.php?rest_route=\/wp\/v2\/posts\/33552\/revisions"}],"wp:attachment":[{"href":"https:\/\/archives.regards.fr\/index.php?rest_route=%2Fwp%2Fv2%2Fmedia&parent=33552"}],"wp:term":[{"taxonomy":"category","embeddable":true,"href":"https:\/\/archives.regards.fr\/index.php?rest_route=%2Fwp%2Fv2%2Fcategories&post=33552"},{"taxonomy":"post_tag","embeddable":true,"href":"https:\/\/archives.regards.fr\/index.php?rest_route=%2Fwp%2Fv2%2Ftags&post=33552"}],"curies":[{"name":"wp","href":"https:\/\/api.w.org\/{rel}","templated":true}]}}