{"id":33549,"date":"2016-09-21T10:34:31","date_gmt":"2016-09-21T08:34:31","guid":{"rendered":"https:\/\/wp.muchomaas.com\/breve-jean-luc-melenchon-423\/"},"modified":"2016-09-21T10:34:31","modified_gmt":"2016-09-21T08:34:31","slug":"breve-jean-luc-melenchon-423","status":"publish","type":"post","link":"https:\/\/archives.regards.fr\/?p=33549","title":{"rendered":"Jean-Luc M\u00e9lenchon"},"content":{"rendered":"<p><em>\u00ab\u00a0Le PCF a voulu les primaires de toute la gauche, cela n\u2019avait pas de sens. La vie a tranch\u00e9. La v\u00e9rit\u00e9, c\u2019est<\/em> [qu&#8217;il] <em>a pris sa d\u00e9cision depuis longtemps de ne pas me soutenir. (\u2026) Le seul r\u00e9sultat de sa campagne aura \u00e9t\u00e9 de me rendre la t\u00e2che plus difficile.\u00a0\u00bb<\/em> (L&#8217;Humanit\u00e9, 20\/09\/2016)<\/p>\n","protected":false},"excerpt":{"rendered":"<p>\u00ab\u00a0Le PCF a voulu les primaires de toute la gauche, cela n\u2019avait pas de sens. La vie a tranch\u00e9. La v\u00e9rit\u00e9, c\u2019est [qu&#8217;il] a pris sa d\u00e9cision depuis longtemps de ne pas me soutenir. (\u2026) Le seul r\u00e9sultat de sa campagne aura \u00e9t\u00e9 de me rendre la t\u00e2che plus difficile.\u00a0\u00bb (L&#8217;Humanit\u00e9, 20\/09\/2016)<\/p>\n","protected":false},"author":1,"featured_media":0,"comment_status":"open","ping_status":"open","sticky":false,"template":"","format":"standard","meta":{"_themeisle_gutenberg_block_has_review":false,"footnotes":""},"categories":[284],"tags":[],"class_list":["post-33549","post","type-post","status-publish","format-standard","hentry","category-declarama-breves"],"_links":{"self":[{"href":"https:\/\/archives.regards.fr\/index.php?rest_route=\/wp\/v2\/posts\/33549","targetHints":{"allow":["GET"]}}],"collection":[{"href":"https:\/\/archives.regards.fr\/index.php?rest_route=\/wp\/v2\/posts"}],"about":[{"href":"https:\/\/archives.regards.fr\/index.php?rest_route=\/wp\/v2\/types\/post"}],"author":[{"embeddable":true,"href":"https:\/\/archives.regards.fr\/index.php?rest_route=\/wp\/v2\/users\/1"}],"replies":[{"embeddable":true,"href":"https:\/\/archives.regards.fr\/index.php?rest_route=%2Fwp%2Fv2%2Fcomments&post=33549"}],"version-history":[{"count":0,"href":"https:\/\/archives.regards.fr\/index.php?rest_route=\/wp\/v2\/posts\/33549\/revisions"}],"wp:attachment":[{"href":"https:\/\/archives.regards.fr\/index.php?rest_route=%2Fwp%2Fv2%2Fmedia&parent=33549"}],"wp:term":[{"taxonomy":"category","embeddable":true,"href":"https:\/\/archives.regards.fr\/index.php?rest_route=%2Fwp%2Fv2%2Fcategories&post=33549"},{"taxonomy":"post_tag","embeddable":true,"href":"https:\/\/archives.regards.fr\/index.php?rest_route=%2Fwp%2Fv2%2Ftags&post=33549"}],"curies":[{"name":"wp","href":"https:\/\/api.w.org\/{rel}","templated":true}]}}