{"id":33540,"date":"2016-09-12T13:55:58","date_gmt":"2016-09-12T11:55:58","guid":{"rendered":"https:\/\/wp.muchomaas.com\/breve-valerie-boyer\/"},"modified":"2016-09-12T13:55:58","modified_gmt":"2016-09-12T11:55:58","slug":"breve-valerie-boyer","status":"publish","type":"post","link":"https:\/\/archives.regards.fr\/?p=33540","title":{"rendered":"Val\u00e9rie Boyer"},"content":{"rendered":"<p><em>\u00ab\u00a0Porter le voile est per\u00e7u comme un signe d&#8217;all\u00e9geance \u00e0 notre ennemi. Je proposerai un texte pour y mettre un terme Luttons contre le salafisme. \u00bb <\/em> (Twitter, 11\/09\/2016)<\/p>\n","protected":false},"excerpt":{"rendered":"<p>\u00ab\u00a0Porter le voile est per\u00e7u comme un signe d&#8217;all\u00e9geance \u00e0 notre ennemi. Je proposerai un texte pour y mettre un terme Luttons contre le salafisme. \u00bb (Twitter, 11\/09\/2016)<\/p>\n","protected":false},"author":1,"featured_media":0,"comment_status":"open","ping_status":"open","sticky":false,"template":"","format":"standard","meta":{"_themeisle_gutenberg_block_has_review":false,"footnotes":""},"categories":[284],"tags":[],"class_list":["post-33540","post","type-post","status-publish","format-standard","hentry","category-declarama-breves"],"_links":{"self":[{"href":"https:\/\/archives.regards.fr\/index.php?rest_route=\/wp\/v2\/posts\/33540","targetHints":{"allow":["GET"]}}],"collection":[{"href":"https:\/\/archives.regards.fr\/index.php?rest_route=\/wp\/v2\/posts"}],"about":[{"href":"https:\/\/archives.regards.fr\/index.php?rest_route=\/wp\/v2\/types\/post"}],"author":[{"embeddable":true,"href":"https:\/\/archives.regards.fr\/index.php?rest_route=\/wp\/v2\/users\/1"}],"replies":[{"embeddable":true,"href":"https:\/\/archives.regards.fr\/index.php?rest_route=%2Fwp%2Fv2%2Fcomments&post=33540"}],"version-history":[{"count":0,"href":"https:\/\/archives.regards.fr\/index.php?rest_route=\/wp\/v2\/posts\/33540\/revisions"}],"wp:attachment":[{"href":"https:\/\/archives.regards.fr\/index.php?rest_route=%2Fwp%2Fv2%2Fmedia&parent=33540"}],"wp:term":[{"taxonomy":"category","embeddable":true,"href":"https:\/\/archives.regards.fr\/index.php?rest_route=%2Fwp%2Fv2%2Fcategories&post=33540"},{"taxonomy":"post_tag","embeddable":true,"href":"https:\/\/archives.regards.fr\/index.php?rest_route=%2Fwp%2Fv2%2Ftags&post=33540"}],"curies":[{"name":"wp","href":"https:\/\/api.w.org\/{rel}","templated":true}]}}