{"id":33536,"date":"2016-09-08T12:47:24","date_gmt":"2016-09-08T10:47:24","guid":{"rendered":"https:\/\/wp.muchomaas.com\/breve-francois-hollande-410\/"},"modified":"2016-09-08T12:47:24","modified_gmt":"2016-09-08T10:47:24","slug":"breve-francois-hollande-410","status":"publish","type":"post","link":"https:\/\/archives.regards.fr\/?p=33536","title":{"rendered":"Fran\u00e7ois Hollande"},"content":{"rendered":"<p><em>\u00ab\u00a0De m\u00eame que je refuse l\u2019\u00c9tat d\u2019exception, je me battrai toujours contre l\u2019\u00c9tat d\u2019exclusion. Celui qui d\u00e9mant\u00e8le la protection sociale et r\u00e9duit les services publics.\u00a0\u00bb<\/em> (08\/09\/2016)<\/p>\n","protected":false},"excerpt":{"rendered":"<p>\u00ab\u00a0De m\u00eame que je refuse l\u2019\u00c9tat d\u2019exception, je me battrai toujours contre l\u2019\u00c9tat d\u2019exclusion. Celui qui d\u00e9mant\u00e8le la protection sociale et r\u00e9duit les services publics.\u00a0\u00bb (08\/09\/2016)<\/p>\n","protected":false},"author":1,"featured_media":0,"comment_status":"open","ping_status":"open","sticky":false,"template":"","format":"standard","meta":{"_themeisle_gutenberg_block_has_review":false,"footnotes":""},"categories":[284],"tags":[],"class_list":["post-33536","post","type-post","status-publish","format-standard","hentry","category-declarama-breves"],"_links":{"self":[{"href":"https:\/\/archives.regards.fr\/index.php?rest_route=\/wp\/v2\/posts\/33536","targetHints":{"allow":["GET"]}}],"collection":[{"href":"https:\/\/archives.regards.fr\/index.php?rest_route=\/wp\/v2\/posts"}],"about":[{"href":"https:\/\/archives.regards.fr\/index.php?rest_route=\/wp\/v2\/types\/post"}],"author":[{"embeddable":true,"href":"https:\/\/archives.regards.fr\/index.php?rest_route=\/wp\/v2\/users\/1"}],"replies":[{"embeddable":true,"href":"https:\/\/archives.regards.fr\/index.php?rest_route=%2Fwp%2Fv2%2Fcomments&post=33536"}],"version-history":[{"count":0,"href":"https:\/\/archives.regards.fr\/index.php?rest_route=\/wp\/v2\/posts\/33536\/revisions"}],"wp:attachment":[{"href":"https:\/\/archives.regards.fr\/index.php?rest_route=%2Fwp%2Fv2%2Fmedia&parent=33536"}],"wp:term":[{"taxonomy":"category","embeddable":true,"href":"https:\/\/archives.regards.fr\/index.php?rest_route=%2Fwp%2Fv2%2Fcategories&post=33536"},{"taxonomy":"post_tag","embeddable":true,"href":"https:\/\/archives.regards.fr\/index.php?rest_route=%2Fwp%2Fv2%2Ftags&post=33536"}],"curies":[{"name":"wp","href":"https:\/\/api.w.org\/{rel}","templated":true}]}}