{"id":33530,"date":"2016-09-04T22:42:35","date_gmt":"2016-09-04T20:42:35","guid":{"rendered":"https:\/\/wp.muchomaas.com\/breve-francois-hollande-404\/"},"modified":"2016-09-04T22:42:35","modified_gmt":"2016-09-04T20:42:35","slug":"breve-francois-hollande-404","status":"publish","type":"post","link":"https:\/\/archives.regards.fr\/?p=33530","title":{"rendered":"Fran\u00e7ois Hollande"},"content":{"rendered":"<p><em>\u00ab\u00a0C&#8217;est le dernier G20 du quinquennat donc je suis encore plus mobilis\u00e9 pour ce que j&#8217;avais dit d\u00e8s le d\u00e9but: la lutte contre la finance, la priorit\u00e9 \u00e0 la croissance et une mondialisation qui soit r\u00e9gul\u00e9e. \u00bb <\/em> (04\/09\/2016)<\/p>\n","protected":false},"excerpt":{"rendered":"<p>\u00ab\u00a0C&#8217;est le dernier G20 du quinquennat donc je suis encore plus mobilis\u00e9 pour ce que j&#8217;avais dit d\u00e8s le d\u00e9but: la lutte contre la finance, la priorit\u00e9 \u00e0 la croissance et une mondialisation qui soit r\u00e9gul\u00e9e. \u00bb (04\/09\/2016)<\/p>\n","protected":false},"author":1,"featured_media":0,"comment_status":"open","ping_status":"open","sticky":false,"template":"","format":"standard","meta":{"_themeisle_gutenberg_block_has_review":false,"footnotes":""},"categories":[284],"tags":[],"class_list":["post-33530","post","type-post","status-publish","format-standard","hentry","category-declarama-breves"],"_links":{"self":[{"href":"https:\/\/archives.regards.fr\/index.php?rest_route=\/wp\/v2\/posts\/33530","targetHints":{"allow":["GET"]}}],"collection":[{"href":"https:\/\/archives.regards.fr\/index.php?rest_route=\/wp\/v2\/posts"}],"about":[{"href":"https:\/\/archives.regards.fr\/index.php?rest_route=\/wp\/v2\/types\/post"}],"author":[{"embeddable":true,"href":"https:\/\/archives.regards.fr\/index.php?rest_route=\/wp\/v2\/users\/1"}],"replies":[{"embeddable":true,"href":"https:\/\/archives.regards.fr\/index.php?rest_route=%2Fwp%2Fv2%2Fcomments&post=33530"}],"version-history":[{"count":0,"href":"https:\/\/archives.regards.fr\/index.php?rest_route=\/wp\/v2\/posts\/33530\/revisions"}],"wp:attachment":[{"href":"https:\/\/archives.regards.fr\/index.php?rest_route=%2Fwp%2Fv2%2Fmedia&parent=33530"}],"wp:term":[{"taxonomy":"category","embeddable":true,"href":"https:\/\/archives.regards.fr\/index.php?rest_route=%2Fwp%2Fv2%2Fcategories&post=33530"},{"taxonomy":"post_tag","embeddable":true,"href":"https:\/\/archives.regards.fr\/index.php?rest_route=%2Fwp%2Fv2%2Ftags&post=33530"}],"curies":[{"name":"wp","href":"https:\/\/api.w.org\/{rel}","templated":true}]}}