{"id":33507,"date":"2016-06-20T16:36:00","date_gmt":"2016-06-20T14:36:00","guid":{"rendered":"https:\/\/wp.muchomaas.com\/breve-alain-finkielkraut\/"},"modified":"2016-06-20T16:36:00","modified_gmt":"2016-06-20T14:36:00","slug":"breve-alain-finkielkraut","status":"publish","type":"post","link":"https:\/\/archives.regards.fr\/?p=33507","title":{"rendered":"Alain Finkielkraut"},"content":{"rendered":"<p><em>\u00ab\u00a0L\u2019islamo-gauchisme est apparu en pleine lumi\u00e8re : non seulement, pour les gauchistes, les islamistes ne sont pas les ennemis, mais ils partagent les m\u00eames cibles et la police est la premi\u00e8re de ces cibles.\u00a0\u00bb<\/em> (RCJ, 20\/06\/2016)<\/p>\n","protected":false},"excerpt":{"rendered":"<p>\u00ab\u00a0L\u2019islamo-gauchisme est apparu en pleine lumi\u00e8re : non seulement, pour les gauchistes, les islamistes ne sont pas les ennemis, mais ils partagent les m\u00eames cibles et la police est la premi\u00e8re de ces cibles.\u00a0\u00bb (RCJ, 20\/06\/2016)<\/p>\n","protected":false},"author":1,"featured_media":0,"comment_status":"open","ping_status":"open","sticky":false,"template":"","format":"standard","meta":{"_themeisle_gutenberg_block_has_review":false,"footnotes":""},"categories":[284],"tags":[],"class_list":["post-33507","post","type-post","status-publish","format-standard","hentry","category-declarama-breves"],"_links":{"self":[{"href":"https:\/\/archives.regards.fr\/index.php?rest_route=\/wp\/v2\/posts\/33507","targetHints":{"allow":["GET"]}}],"collection":[{"href":"https:\/\/archives.regards.fr\/index.php?rest_route=\/wp\/v2\/posts"}],"about":[{"href":"https:\/\/archives.regards.fr\/index.php?rest_route=\/wp\/v2\/types\/post"}],"author":[{"embeddable":true,"href":"https:\/\/archives.regards.fr\/index.php?rest_route=\/wp\/v2\/users\/1"}],"replies":[{"embeddable":true,"href":"https:\/\/archives.regards.fr\/index.php?rest_route=%2Fwp%2Fv2%2Fcomments&post=33507"}],"version-history":[{"count":0,"href":"https:\/\/archives.regards.fr\/index.php?rest_route=\/wp\/v2\/posts\/33507\/revisions"}],"wp:attachment":[{"href":"https:\/\/archives.regards.fr\/index.php?rest_route=%2Fwp%2Fv2%2Fmedia&parent=33507"}],"wp:term":[{"taxonomy":"category","embeddable":true,"href":"https:\/\/archives.regards.fr\/index.php?rest_route=%2Fwp%2Fv2%2Fcategories&post=33507"},{"taxonomy":"post_tag","embeddable":true,"href":"https:\/\/archives.regards.fr\/index.php?rest_route=%2Fwp%2Fv2%2Ftags&post=33507"}],"curies":[{"name":"wp","href":"https:\/\/api.w.org\/{rel}","templated":true}]}}