{"id":33506,"date":"2016-06-21T16:22:00","date_gmt":"2016-06-21T14:22:00","guid":{"rendered":"https:\/\/wp.muchomaas.com\/breve-jean-christophe-cambadelis-371\/"},"modified":"2016-06-21T16:22:00","modified_gmt":"2016-06-21T14:22:00","slug":"breve-jean-christophe-cambadelis-371","status":"publish","type":"post","link":"https:\/\/archives.regards.fr\/?p=33506","title":{"rendered":"Jean-Christophe Cambad\u00e9lis"},"content":{"rendered":"<p><em>\u00ab\u00a0Le Pr\u00e9sident de la R\u00e9publique et les r\u00e9formistes sont bien plus majoritaires \u00e0 gauche que ce que l&#8217;on dit. \u00bb <\/em> (BFMTV, 21\/06\/2016)<\/p>\n","protected":false},"excerpt":{"rendered":"<p>\u00ab\u00a0Le Pr\u00e9sident de la R\u00e9publique et les r\u00e9formistes sont bien plus majoritaires \u00e0 gauche que ce que l&#8217;on dit. \u00bb (BFMTV, 21\/06\/2016)<\/p>\n","protected":false},"author":1,"featured_media":0,"comment_status":"open","ping_status":"open","sticky":false,"template":"","format":"standard","meta":{"_themeisle_gutenberg_block_has_review":false,"footnotes":""},"categories":[284],"tags":[],"class_list":["post-33506","post","type-post","status-publish","format-standard","hentry","category-declarama-breves"],"_links":{"self":[{"href":"https:\/\/archives.regards.fr\/index.php?rest_route=\/wp\/v2\/posts\/33506","targetHints":{"allow":["GET"]}}],"collection":[{"href":"https:\/\/archives.regards.fr\/index.php?rest_route=\/wp\/v2\/posts"}],"about":[{"href":"https:\/\/archives.regards.fr\/index.php?rest_route=\/wp\/v2\/types\/post"}],"author":[{"embeddable":true,"href":"https:\/\/archives.regards.fr\/index.php?rest_route=\/wp\/v2\/users\/1"}],"replies":[{"embeddable":true,"href":"https:\/\/archives.regards.fr\/index.php?rest_route=%2Fwp%2Fv2%2Fcomments&post=33506"}],"version-history":[{"count":0,"href":"https:\/\/archives.regards.fr\/index.php?rest_route=\/wp\/v2\/posts\/33506\/revisions"}],"wp:attachment":[{"href":"https:\/\/archives.regards.fr\/index.php?rest_route=%2Fwp%2Fv2%2Fmedia&parent=33506"}],"wp:term":[{"taxonomy":"category","embeddable":true,"href":"https:\/\/archives.regards.fr\/index.php?rest_route=%2Fwp%2Fv2%2Fcategories&post=33506"},{"taxonomy":"post_tag","embeddable":true,"href":"https:\/\/archives.regards.fr\/index.php?rest_route=%2Fwp%2Fv2%2Ftags&post=33506"}],"curies":[{"name":"wp","href":"https:\/\/api.w.org\/{rel}","templated":true}]}}