{"id":33503,"date":"2016-06-18T14:29:44","date_gmt":"2016-06-18T12:29:44","guid":{"rendered":"https:\/\/wp.muchomaas.com\/breve-gerard-filoche\/"},"modified":"2016-06-18T14:29:44","modified_gmt":"2016-06-18T12:29:44","slug":"breve-gerard-filoche","status":"publish","type":"post","link":"https:\/\/archives.regards.fr\/?p=33503","title":{"rendered":"G\u00e9rard Filoche"},"content":{"rendered":"<p><em>\u00ab\u00a0Il ne peut pas gagner. S&#8217;il \u00e9tait qualifi\u00e9 pour le second tour, trois millions de personnes voteraient contre lui. Tous les m\u00e9lenchonistes, tous les Verts, tous les communistes, tous les manifestants contre la loi El Khomri. M\u00eame une ch\u00e8vre gagnerait contre Hollande.\u00a0\u00bb<\/em> (Le Point, 17\/06\/2016)<\/p>\n","protected":false},"excerpt":{"rendered":"<p>\u00ab\u00a0Il ne peut pas gagner. S&#8217;il \u00e9tait qualifi\u00e9 pour le second tour, trois millions de personnes voteraient contre lui. Tous les m\u00e9lenchonistes, tous les Verts, tous les communistes, tous les manifestants contre la loi El Khomri. M\u00eame une ch\u00e8vre gagnerait contre Hollande.\u00a0\u00bb (Le Point, 17\/06\/2016)<\/p>\n","protected":false},"author":1,"featured_media":0,"comment_status":"open","ping_status":"open","sticky":false,"template":"","format":"standard","meta":{"_themeisle_gutenberg_block_has_review":false,"footnotes":""},"categories":[284],"tags":[],"class_list":["post-33503","post","type-post","status-publish","format-standard","hentry","category-declarama-breves"],"_links":{"self":[{"href":"https:\/\/archives.regards.fr\/index.php?rest_route=\/wp\/v2\/posts\/33503","targetHints":{"allow":["GET"]}}],"collection":[{"href":"https:\/\/archives.regards.fr\/index.php?rest_route=\/wp\/v2\/posts"}],"about":[{"href":"https:\/\/archives.regards.fr\/index.php?rest_route=\/wp\/v2\/types\/post"}],"author":[{"embeddable":true,"href":"https:\/\/archives.regards.fr\/index.php?rest_route=\/wp\/v2\/users\/1"}],"replies":[{"embeddable":true,"href":"https:\/\/archives.regards.fr\/index.php?rest_route=%2Fwp%2Fv2%2Fcomments&post=33503"}],"version-history":[{"count":0,"href":"https:\/\/archives.regards.fr\/index.php?rest_route=\/wp\/v2\/posts\/33503\/revisions"}],"wp:attachment":[{"href":"https:\/\/archives.regards.fr\/index.php?rest_route=%2Fwp%2Fv2%2Fmedia&parent=33503"}],"wp:term":[{"taxonomy":"category","embeddable":true,"href":"https:\/\/archives.regards.fr\/index.php?rest_route=%2Fwp%2Fv2%2Fcategories&post=33503"},{"taxonomy":"post_tag","embeddable":true,"href":"https:\/\/archives.regards.fr\/index.php?rest_route=%2Fwp%2Fv2%2Ftags&post=33503"}],"curies":[{"name":"wp","href":"https:\/\/api.w.org\/{rel}","templated":true}]}}