{"id":33499,"date":"2016-06-09T09:08:45","date_gmt":"2016-06-09T07:08:45","guid":{"rendered":"https:\/\/wp.muchomaas.com\/breve-alain-madelin\/"},"modified":"2016-06-09T09:08:45","modified_gmt":"2016-06-09T07:08:45","slug":"breve-alain-madelin","status":"publish","type":"post","link":"https:\/\/archives.regards.fr\/?p=33499","title":{"rendered":"Alain Madelin"},"content":{"rendered":"<p><em>\u00ab\u00a0Je salue les avanc\u00e9es lib\u00e9rales de Macron. Il lui reste \u00e0 \u00eatre de gauche.\u00a0\u00bb\u00a0<\/em>\u00a0(France Inter, 09\/06\/2016)<\/p>\n","protected":false},"excerpt":{"rendered":"<p>\u00ab\u00a0Je salue les avanc\u00e9es lib\u00e9rales de Macron. Il lui reste \u00e0 \u00eatre de gauche.\u00a0\u00bb\u00a0\u00a0(France Inter, 09\/06\/2016)<\/p>\n","protected":false},"author":1,"featured_media":0,"comment_status":"open","ping_status":"open","sticky":false,"template":"","format":"standard","meta":{"_themeisle_gutenberg_block_has_review":false,"footnotes":""},"categories":[284],"tags":[],"class_list":["post-33499","post","type-post","status-publish","format-standard","hentry","category-declarama-breves"],"_links":{"self":[{"href":"https:\/\/archives.regards.fr\/index.php?rest_route=\/wp\/v2\/posts\/33499","targetHints":{"allow":["GET"]}}],"collection":[{"href":"https:\/\/archives.regards.fr\/index.php?rest_route=\/wp\/v2\/posts"}],"about":[{"href":"https:\/\/archives.regards.fr\/index.php?rest_route=\/wp\/v2\/types\/post"}],"author":[{"embeddable":true,"href":"https:\/\/archives.regards.fr\/index.php?rest_route=\/wp\/v2\/users\/1"}],"replies":[{"embeddable":true,"href":"https:\/\/archives.regards.fr\/index.php?rest_route=%2Fwp%2Fv2%2Fcomments&post=33499"}],"version-history":[{"count":0,"href":"https:\/\/archives.regards.fr\/index.php?rest_route=\/wp\/v2\/posts\/33499\/revisions"}],"wp:attachment":[{"href":"https:\/\/archives.regards.fr\/index.php?rest_route=%2Fwp%2Fv2%2Fmedia&parent=33499"}],"wp:term":[{"taxonomy":"category","embeddable":true,"href":"https:\/\/archives.regards.fr\/index.php?rest_route=%2Fwp%2Fv2%2Fcategories&post=33499"},{"taxonomy":"post_tag","embeddable":true,"href":"https:\/\/archives.regards.fr\/index.php?rest_route=%2Fwp%2Fv2%2Ftags&post=33499"}],"curies":[{"name":"wp","href":"https:\/\/api.w.org\/{rel}","templated":true}]}}