{"id":33479,"date":"2016-04-25T23:05:18","date_gmt":"2016-04-25T21:05:18","guid":{"rendered":"https:\/\/wp.muchomaas.com\/breve-stephane-le-foll-333\/"},"modified":"2016-04-25T23:05:18","modified_gmt":"2016-04-25T21:05:18","slug":"breve-stephane-le-foll-333","status":"publish","type":"post","link":"https:\/\/archives.regards.fr\/?p=33479","title":{"rendered":"St\u00e9phane Le Foll"},"content":{"rendered":"<p><em>\u00ab\u00a0<\/em>[le slogan &#8220;Eh Oh la gauche&#8221;]<em> n&#8217;a pas co\u00fbt\u00e9 un sou. Je l&#8217;ai trouv\u00e9 en trente secondes.\u00a0\u00bb<\/em> (25\/04\/2016)<\/p>\n","protected":false},"excerpt":{"rendered":"<p>\u00ab\u00a0[le slogan &#8220;Eh Oh la gauche&#8221;] n&#8217;a pas co\u00fbt\u00e9 un sou. Je l&#8217;ai trouv\u00e9 en trente secondes.\u00a0\u00bb (25\/04\/2016)<\/p>\n","protected":false},"author":1,"featured_media":0,"comment_status":"open","ping_status":"open","sticky":false,"template":"","format":"standard","meta":{"_themeisle_gutenberg_block_has_review":false,"footnotes":""},"categories":[284],"tags":[],"class_list":["post-33479","post","type-post","status-publish","format-standard","hentry","category-declarama-breves"],"_links":{"self":[{"href":"https:\/\/archives.regards.fr\/index.php?rest_route=\/wp\/v2\/posts\/33479","targetHints":{"allow":["GET"]}}],"collection":[{"href":"https:\/\/archives.regards.fr\/index.php?rest_route=\/wp\/v2\/posts"}],"about":[{"href":"https:\/\/archives.regards.fr\/index.php?rest_route=\/wp\/v2\/types\/post"}],"author":[{"embeddable":true,"href":"https:\/\/archives.regards.fr\/index.php?rest_route=\/wp\/v2\/users\/1"}],"replies":[{"embeddable":true,"href":"https:\/\/archives.regards.fr\/index.php?rest_route=%2Fwp%2Fv2%2Fcomments&post=33479"}],"version-history":[{"count":0,"href":"https:\/\/archives.regards.fr\/index.php?rest_route=\/wp\/v2\/posts\/33479\/revisions"}],"wp:attachment":[{"href":"https:\/\/archives.regards.fr\/index.php?rest_route=%2Fwp%2Fv2%2Fmedia&parent=33479"}],"wp:term":[{"taxonomy":"category","embeddable":true,"href":"https:\/\/archives.regards.fr\/index.php?rest_route=%2Fwp%2Fv2%2Fcategories&post=33479"},{"taxonomy":"post_tag","embeddable":true,"href":"https:\/\/archives.regards.fr\/index.php?rest_route=%2Fwp%2Fv2%2Ftags&post=33479"}],"curies":[{"name":"wp","href":"https:\/\/api.w.org\/{rel}","templated":true}]}}