{"id":33467,"date":"2016-03-03T00:00:00","date_gmt":"2016-03-02T23:00:00","guid":{"rendered":"https:\/\/wp.muchomaas.com\/breve-francois-hollande-303\/"},"modified":"2016-03-03T00:00:00","modified_gmt":"2016-03-02T23:00:00","slug":"breve-francois-hollande-303","status":"publish","type":"post","link":"https:\/\/archives.regards.fr\/?p=33467","title":{"rendered":"Fran\u00e7ois Hollande"},"content":{"rendered":"<p><em>\u00ab\u00a0Quand elle a commenc\u00e9 dans la vie publique, Aubry apparaissait comme le Macron de Mitterrand, quand on y r\u00e9fl\u00e9chit bien.\u00a0\u00bb<\/em> (Le Point, 03\/03\/2016)<\/p>\n","protected":false},"excerpt":{"rendered":"<p>\u00ab\u00a0Quand elle a commenc\u00e9 dans la vie publique, Aubry apparaissait comme le Macron de Mitterrand, quand on y r\u00e9fl\u00e9chit bien.\u00a0\u00bb (Le Point, 03\/03\/2016)<\/p>\n","protected":false},"author":1,"featured_media":0,"comment_status":"open","ping_status":"open","sticky":false,"template":"","format":"standard","meta":{"_themeisle_gutenberg_block_has_review":false,"footnotes":""},"categories":[284],"tags":[],"class_list":["post-33467","post","type-post","status-publish","format-standard","hentry","category-declarama-breves"],"_links":{"self":[{"href":"https:\/\/archives.regards.fr\/index.php?rest_route=\/wp\/v2\/posts\/33467","targetHints":{"allow":["GET"]}}],"collection":[{"href":"https:\/\/archives.regards.fr\/index.php?rest_route=\/wp\/v2\/posts"}],"about":[{"href":"https:\/\/archives.regards.fr\/index.php?rest_route=\/wp\/v2\/types\/post"}],"author":[{"embeddable":true,"href":"https:\/\/archives.regards.fr\/index.php?rest_route=\/wp\/v2\/users\/1"}],"replies":[{"embeddable":true,"href":"https:\/\/archives.regards.fr\/index.php?rest_route=%2Fwp%2Fv2%2Fcomments&post=33467"}],"version-history":[{"count":0,"href":"https:\/\/archives.regards.fr\/index.php?rest_route=\/wp\/v2\/posts\/33467\/revisions"}],"wp:attachment":[{"href":"https:\/\/archives.regards.fr\/index.php?rest_route=%2Fwp%2Fv2%2Fmedia&parent=33467"}],"wp:term":[{"taxonomy":"category","embeddable":true,"href":"https:\/\/archives.regards.fr\/index.php?rest_route=%2Fwp%2Fv2%2Fcategories&post=33467"},{"taxonomy":"post_tag","embeddable":true,"href":"https:\/\/archives.regards.fr\/index.php?rest_route=%2Fwp%2Fv2%2Ftags&post=33467"}],"curies":[{"name":"wp","href":"https:\/\/api.w.org\/{rel}","templated":true}]}}