{"id":33451,"date":"2016-01-15T10:31:03","date_gmt":"2016-01-15T09:31:03","guid":{"rendered":"https:\/\/wp.muchomaas.com\/breve-jean-yves-le-drian\/"},"modified":"2016-01-15T10:31:03","modified_gmt":"2016-01-15T09:31:03","slug":"breve-jean-yves-le-drian","status":"publish","type":"post","link":"https:\/\/archives.regards.fr\/?p=33451","title":{"rendered":"Jean-Yves Le Drian"},"content":{"rendered":"<p><em>\u00ab\u00a0Il y a eu 16 milliards de ventes d&#8217;armes en 2015 le double de l&#8217;ann\u00e9e pr\u00e9c\u00e9dente. On bat un record, je suis tr\u00e8s fier des industries fran\u00e7aises. \u00bb<\/em> (BFMTV, 14\/01\/2016)<\/p>\n","protected":false},"excerpt":{"rendered":"<p>\u00ab\u00a0Il y a eu 16 milliards de ventes d&#8217;armes en 2015 le double de l&#8217;ann\u00e9e pr\u00e9c\u00e9dente. On bat un record, je suis tr\u00e8s fier des industries fran\u00e7aises. \u00bb (BFMTV, 14\/01\/2016)<\/p>\n","protected":false},"author":1,"featured_media":0,"comment_status":"open","ping_status":"open","sticky":false,"template":"","format":"standard","meta":{"_themeisle_gutenberg_block_has_review":false,"footnotes":""},"categories":[284],"tags":[],"class_list":["post-33451","post","type-post","status-publish","format-standard","hentry","category-declarama-breves"],"_links":{"self":[{"href":"https:\/\/archives.regards.fr\/index.php?rest_route=\/wp\/v2\/posts\/33451","targetHints":{"allow":["GET"]}}],"collection":[{"href":"https:\/\/archives.regards.fr\/index.php?rest_route=\/wp\/v2\/posts"}],"about":[{"href":"https:\/\/archives.regards.fr\/index.php?rest_route=\/wp\/v2\/types\/post"}],"author":[{"embeddable":true,"href":"https:\/\/archives.regards.fr\/index.php?rest_route=\/wp\/v2\/users\/1"}],"replies":[{"embeddable":true,"href":"https:\/\/archives.regards.fr\/index.php?rest_route=%2Fwp%2Fv2%2Fcomments&post=33451"}],"version-history":[{"count":0,"href":"https:\/\/archives.regards.fr\/index.php?rest_route=\/wp\/v2\/posts\/33451\/revisions"}],"wp:attachment":[{"href":"https:\/\/archives.regards.fr\/index.php?rest_route=%2Fwp%2Fv2%2Fmedia&parent=33451"}],"wp:term":[{"taxonomy":"category","embeddable":true,"href":"https:\/\/archives.regards.fr\/index.php?rest_route=%2Fwp%2Fv2%2Fcategories&post=33451"},{"taxonomy":"post_tag","embeddable":true,"href":"https:\/\/archives.regards.fr\/index.php?rest_route=%2Fwp%2Fv2%2Ftags&post=33451"}],"curies":[{"name":"wp","href":"https:\/\/api.w.org\/{rel}","templated":true}]}}