{"id":33442,"date":"2016-01-04T22:42:40","date_gmt":"2016-01-04T21:42:40","guid":{"rendered":"https:\/\/wp.muchomaas.com\/breve-jean-christophe-cambadelis-260\/"},"modified":"2016-01-04T22:42:40","modified_gmt":"2016-01-04T21:42:40","slug":"breve-jean-christophe-cambadelis-260","status":"publish","type":"post","link":"https:\/\/archives.regards.fr\/?p=33442","title":{"rendered":"Jean-Christophe Cambad\u00e9lis"},"content":{"rendered":"<p><em>\u00ab\u00a0La d\u00e9ch\u00e9ance de nationalit\u00e9 n&#8217;est pas une id\u00e9e de gauche. Le pr\u00e9sident a choisi cette voie pour l&#8217;union nationale.\u00a0\u00bb<\/em> (LCI, 04\/01\/2016)<\/p>\n","protected":false},"excerpt":{"rendered":"<p>\u00ab\u00a0La d\u00e9ch\u00e9ance de nationalit\u00e9 n&#8217;est pas une id\u00e9e de gauche. Le pr\u00e9sident a choisi cette voie pour l&#8217;union nationale.\u00a0\u00bb (LCI, 04\/01\/2016)<\/p>\n","protected":false},"author":1,"featured_media":0,"comment_status":"open","ping_status":"open","sticky":false,"template":"","format":"standard","meta":{"_themeisle_gutenberg_block_has_review":false,"footnotes":""},"categories":[284],"tags":[],"class_list":["post-33442","post","type-post","status-publish","format-standard","hentry","category-declarama-breves"],"_links":{"self":[{"href":"https:\/\/archives.regards.fr\/index.php?rest_route=\/wp\/v2\/posts\/33442","targetHints":{"allow":["GET"]}}],"collection":[{"href":"https:\/\/archives.regards.fr\/index.php?rest_route=\/wp\/v2\/posts"}],"about":[{"href":"https:\/\/archives.regards.fr\/index.php?rest_route=\/wp\/v2\/types\/post"}],"author":[{"embeddable":true,"href":"https:\/\/archives.regards.fr\/index.php?rest_route=\/wp\/v2\/users\/1"}],"replies":[{"embeddable":true,"href":"https:\/\/archives.regards.fr\/index.php?rest_route=%2Fwp%2Fv2%2Fcomments&post=33442"}],"version-history":[{"count":0,"href":"https:\/\/archives.regards.fr\/index.php?rest_route=\/wp\/v2\/posts\/33442\/revisions"}],"wp:attachment":[{"href":"https:\/\/archives.regards.fr\/index.php?rest_route=%2Fwp%2Fv2%2Fmedia&parent=33442"}],"wp:term":[{"taxonomy":"category","embeddable":true,"href":"https:\/\/archives.regards.fr\/index.php?rest_route=%2Fwp%2Fv2%2Fcategories&post=33442"},{"taxonomy":"post_tag","embeddable":true,"href":"https:\/\/archives.regards.fr\/index.php?rest_route=%2Fwp%2Fv2%2Ftags&post=33442"}],"curies":[{"name":"wp","href":"https:\/\/api.w.org\/{rel}","templated":true}]}}