{"id":33433,"date":"2015-11-13T10:41:32","date_gmt":"2015-11-13T09:41:32","guid":{"rendered":"https:\/\/wp.muchomaas.com\/breve-nouvelle-breve-229\/"},"modified":"2015-11-13T10:41:32","modified_gmt":"2015-11-13T09:41:32","slug":"breve-nouvelle-breve-229","status":"publish","type":"post","link":"https:\/\/archives.regards.fr\/?p=33433","title":{"rendered":"Emmanuel Macron"},"content":{"rendered":"<p><em>\u00ab\u00a0<\/em>[ma r\u00e9forme des autocars]<em> est, toutes proportions gard\u00e9es, comme le lait que Pierre Mend\u00e8s France a impos\u00e9 dans les \u00e9coles pour lutter contre la d\u00e9nutrition dans les ann\u00e9es 50. \u00bb<\/em> (Le Parisien, 13\/11\/2015)<\/p>\n","protected":false},"excerpt":{"rendered":"<p>\u00ab\u00a0[ma r\u00e9forme des autocars] est, toutes proportions gard\u00e9es, comme le lait que Pierre Mend\u00e8s France a impos\u00e9 dans les \u00e9coles pour lutter contre la d\u00e9nutrition dans les ann\u00e9es 50. \u00bb (Le Parisien, 13\/11\/2015)<\/p>\n","protected":false},"author":1,"featured_media":0,"comment_status":"open","ping_status":"open","sticky":false,"template":"","format":"standard","meta":{"_themeisle_gutenberg_block_has_review":false,"footnotes":""},"categories":[284],"tags":[],"class_list":["post-33433","post","type-post","status-publish","format-standard","hentry","category-declarama-breves"],"_links":{"self":[{"href":"https:\/\/archives.regards.fr\/index.php?rest_route=\/wp\/v2\/posts\/33433","targetHints":{"allow":["GET"]}}],"collection":[{"href":"https:\/\/archives.regards.fr\/index.php?rest_route=\/wp\/v2\/posts"}],"about":[{"href":"https:\/\/archives.regards.fr\/index.php?rest_route=\/wp\/v2\/types\/post"}],"author":[{"embeddable":true,"href":"https:\/\/archives.regards.fr\/index.php?rest_route=\/wp\/v2\/users\/1"}],"replies":[{"embeddable":true,"href":"https:\/\/archives.regards.fr\/index.php?rest_route=%2Fwp%2Fv2%2Fcomments&post=33433"}],"version-history":[{"count":0,"href":"https:\/\/archives.regards.fr\/index.php?rest_route=\/wp\/v2\/posts\/33433\/revisions"}],"wp:attachment":[{"href":"https:\/\/archives.regards.fr\/index.php?rest_route=%2Fwp%2Fv2%2Fmedia&parent=33433"}],"wp:term":[{"taxonomy":"category","embeddable":true,"href":"https:\/\/archives.regards.fr\/index.php?rest_route=%2Fwp%2Fv2%2Fcategories&post=33433"},{"taxonomy":"post_tag","embeddable":true,"href":"https:\/\/archives.regards.fr\/index.php?rest_route=%2Fwp%2Fv2%2Ftags&post=33433"}],"curies":[{"name":"wp","href":"https:\/\/api.w.org\/{rel}","templated":true}]}}