{"id":33431,"date":"2015-11-10T10:30:03","date_gmt":"2015-11-10T09:30:03","guid":{"rendered":"https:\/\/wp.muchomaas.com\/breve-marine-le-pen-227\/"},"modified":"2015-11-10T10:30:03","modified_gmt":"2015-11-10T09:30:03","slug":"breve-marine-le-pen-227","status":"publish","type":"post","link":"https:\/\/archives.regards.fr\/?p=33431","title":{"rendered":"Marine Le Pen"},"content":{"rendered":"<p><em>\u00ab\u00a0D\u00e9noncer et \u00e9radiquer toute immigration bact\u00e9rienne : les h\u00f4pitaux font face \u00e0 la pr\u00e9sence alarmante de maladies contagieuses non europ\u00e9ennes, li\u00e9es \u00e0 l\u2019afflux migratoire. Nous refusons cette mise en danger de la sant\u00e9 de nos compatriotes.\u00a0\u00bb <\/em> (pr\u00e9sentation de son programme pour les r\u00e9gionales, La Voix du Nord, 10\/11\/2015)<\/p>\n","protected":false},"excerpt":{"rendered":"<p>\u00ab\u00a0D\u00e9noncer et \u00e9radiquer toute immigration bact\u00e9rienne : les h\u00f4pitaux font face \u00e0 la pr\u00e9sence alarmante de maladies contagieuses non europ\u00e9ennes, li\u00e9es \u00e0 l\u2019afflux migratoire. Nous refusons cette mise en danger de la sant\u00e9 de nos compatriotes.\u00a0\u00bb (pr\u00e9sentation de son programme pour les r\u00e9gionales, La Voix du Nord, 10\/11\/2015)<\/p>\n","protected":false},"author":1,"featured_media":0,"comment_status":"open","ping_status":"open","sticky":false,"template":"","format":"standard","meta":{"_themeisle_gutenberg_block_has_review":false,"footnotes":""},"categories":[284],"tags":[],"class_list":["post-33431","post","type-post","status-publish","format-standard","hentry","category-declarama-breves"],"_links":{"self":[{"href":"https:\/\/archives.regards.fr\/index.php?rest_route=\/wp\/v2\/posts\/33431","targetHints":{"allow":["GET"]}}],"collection":[{"href":"https:\/\/archives.regards.fr\/index.php?rest_route=\/wp\/v2\/posts"}],"about":[{"href":"https:\/\/archives.regards.fr\/index.php?rest_route=\/wp\/v2\/types\/post"}],"author":[{"embeddable":true,"href":"https:\/\/archives.regards.fr\/index.php?rest_route=\/wp\/v2\/users\/1"}],"replies":[{"embeddable":true,"href":"https:\/\/archives.regards.fr\/index.php?rest_route=%2Fwp%2Fv2%2Fcomments&post=33431"}],"version-history":[{"count":0,"href":"https:\/\/archives.regards.fr\/index.php?rest_route=\/wp\/v2\/posts\/33431\/revisions"}],"wp:attachment":[{"href":"https:\/\/archives.regards.fr\/index.php?rest_route=%2Fwp%2Fv2%2Fmedia&parent=33431"}],"wp:term":[{"taxonomy":"category","embeddable":true,"href":"https:\/\/archives.regards.fr\/index.php?rest_route=%2Fwp%2Fv2%2Fcategories&post=33431"},{"taxonomy":"post_tag","embeddable":true,"href":"https:\/\/archives.regards.fr\/index.php?rest_route=%2Fwp%2Fv2%2Ftags&post=33431"}],"curies":[{"name":"wp","href":"https:\/\/api.w.org\/{rel}","templated":true}]}}