{"id":33409,"date":"2015-09-10T13:00:02","date_gmt":"2015-09-10T11:00:02","guid":{"rendered":"https:\/\/wp.muchomaas.com\/breve-luc-ferry-190\/"},"modified":"2015-09-10T13:00:02","modified_gmt":"2015-09-10T11:00:02","slug":"breve-luc-ferry-190","status":"publish","type":"post","link":"https:\/\/archives.regards.fr\/?p=33409","title":{"rendered":"Luc Ferry"},"content":{"rendered":"<p><em>\u00ab Pr\u00e9tendre que Hollande a trahi, qu&#8217;il a vir\u00e9 \u00e0 droite, c&#8217;est tomber dans le pi\u00e8ge de la niaiserie gauchiste.\u00a0\u00bb<\/em> (Le Figaro, 10\/09\/2015)<\/p>\n","protected":false},"excerpt":{"rendered":"<p>\u00ab Pr\u00e9tendre que Hollande a trahi, qu&#8217;il a vir\u00e9 \u00e0 droite, c&#8217;est tomber dans le pi\u00e8ge de la niaiserie gauchiste.\u00a0\u00bb (Le Figaro, 10\/09\/2015)<\/p>\n","protected":false},"author":1,"featured_media":0,"comment_status":"open","ping_status":"open","sticky":false,"template":"","format":"standard","meta":{"_themeisle_gutenberg_block_has_review":false,"footnotes":""},"categories":[284],"tags":[],"class_list":["post-33409","post","type-post","status-publish","format-standard","hentry","category-declarama-breves"],"_links":{"self":[{"href":"https:\/\/archives.regards.fr\/index.php?rest_route=\/wp\/v2\/posts\/33409","targetHints":{"allow":["GET"]}}],"collection":[{"href":"https:\/\/archives.regards.fr\/index.php?rest_route=\/wp\/v2\/posts"}],"about":[{"href":"https:\/\/archives.regards.fr\/index.php?rest_route=\/wp\/v2\/types\/post"}],"author":[{"embeddable":true,"href":"https:\/\/archives.regards.fr\/index.php?rest_route=\/wp\/v2\/users\/1"}],"replies":[{"embeddable":true,"href":"https:\/\/archives.regards.fr\/index.php?rest_route=%2Fwp%2Fv2%2Fcomments&post=33409"}],"version-history":[{"count":0,"href":"https:\/\/archives.regards.fr\/index.php?rest_route=\/wp\/v2\/posts\/33409\/revisions"}],"wp:attachment":[{"href":"https:\/\/archives.regards.fr\/index.php?rest_route=%2Fwp%2Fv2%2Fmedia&parent=33409"}],"wp:term":[{"taxonomy":"category","embeddable":true,"href":"https:\/\/archives.regards.fr\/index.php?rest_route=%2Fwp%2Fv2%2Fcategories&post=33409"},{"taxonomy":"post_tag","embeddable":true,"href":"https:\/\/archives.regards.fr\/index.php?rest_route=%2Fwp%2Fv2%2Ftags&post=33409"}],"curies":[{"name":"wp","href":"https:\/\/api.w.org\/{rel}","templated":true}]}}