{"id":33403,"date":"2015-08-25T11:20:49","date_gmt":"2015-08-25T09:20:49","guid":{"rendered":"https:\/\/wp.muchomaas.com\/breve-claude-gueant-181\/"},"modified":"2015-08-25T11:20:49","modified_gmt":"2015-08-25T09:20:49","slug":"breve-claude-gueant-181","status":"publish","type":"post","link":"https:\/\/archives.regards.fr\/?p=33403","title":{"rendered":"Claude Gu\u00e9ant"},"content":{"rendered":"<p><em>\u00ab\u00a0Je me souviens un jour j&#8217;ai \u00e9t\u00e9 contr\u00f4l\u00e9 dans le RER. Il y a tout un tas de gens qui escaladaient les portiques, etc. J&#8217;\u00e9tais le seul en costume-cravate, j&#8217;ai \u00e9t\u00e9 le seul \u00e0 \u00eatre contr\u00f4l\u00e9. C&#8217;\u00e9tait aussi discriminatoire. \u00bb<\/em> (BFMTV, 25\/08\/2015)<\/p>\n","protected":false},"excerpt":{"rendered":"<p>\u00ab\u00a0Je me souviens un jour j&#8217;ai \u00e9t\u00e9 contr\u00f4l\u00e9 dans le RER. Il y a tout un tas de gens qui escaladaient les portiques, etc. J&#8217;\u00e9tais le seul en costume-cravate, j&#8217;ai \u00e9t\u00e9 le seul \u00e0 \u00eatre contr\u00f4l\u00e9. C&#8217;\u00e9tait aussi discriminatoire. \u00bb (BFMTV, 25\/08\/2015)<\/p>\n","protected":false},"author":1,"featured_media":0,"comment_status":"open","ping_status":"open","sticky":false,"template":"","format":"standard","meta":{"_themeisle_gutenberg_block_has_review":false,"footnotes":""},"categories":[284],"tags":[],"class_list":["post-33403","post","type-post","status-publish","format-standard","hentry","category-declarama-breves"],"_links":{"self":[{"href":"https:\/\/archives.regards.fr\/index.php?rest_route=\/wp\/v2\/posts\/33403","targetHints":{"allow":["GET"]}}],"collection":[{"href":"https:\/\/archives.regards.fr\/index.php?rest_route=\/wp\/v2\/posts"}],"about":[{"href":"https:\/\/archives.regards.fr\/index.php?rest_route=\/wp\/v2\/types\/post"}],"author":[{"embeddable":true,"href":"https:\/\/archives.regards.fr\/index.php?rest_route=\/wp\/v2\/users\/1"}],"replies":[{"embeddable":true,"href":"https:\/\/archives.regards.fr\/index.php?rest_route=%2Fwp%2Fv2%2Fcomments&post=33403"}],"version-history":[{"count":0,"href":"https:\/\/archives.regards.fr\/index.php?rest_route=\/wp\/v2\/posts\/33403\/revisions"}],"wp:attachment":[{"href":"https:\/\/archives.regards.fr\/index.php?rest_route=%2Fwp%2Fv2%2Fmedia&parent=33403"}],"wp:term":[{"taxonomy":"category","embeddable":true,"href":"https:\/\/archives.regards.fr\/index.php?rest_route=%2Fwp%2Fv2%2Fcategories&post=33403"},{"taxonomy":"post_tag","embeddable":true,"href":"https:\/\/archives.regards.fr\/index.php?rest_route=%2Fwp%2Fv2%2Ftags&post=33403"}],"curies":[{"name":"wp","href":"https:\/\/api.w.org\/{rel}","templated":true}]}}