{"id":33400,"date":"2015-07-27T21:59:18","date_gmt":"2015-07-27T19:59:18","guid":{"rendered":"https:\/\/wp.muchomaas.com\/breve-jean-christophe-cambadelis-178\/"},"modified":"2015-07-27T21:59:18","modified_gmt":"2015-07-27T19:59:18","slug":"breve-jean-christophe-cambadelis-178","status":"publish","type":"post","link":"https:\/\/archives.regards.fr\/?p=33400","title":{"rendered":"Jean-Christophe Cambad\u00e9lis"},"content":{"rendered":"<p>[les forces de gauche et les \u00e9cologistes pour les r\u00e9gionales] <em>\u00ab\u00a0On les rappelle \u00e0 l&#8217;ordre, on les siffle.\u00a0\u00bb<\/em> (JDD, 27\/07\/2015)<\/p>\n","protected":false},"excerpt":{"rendered":"<p>[les forces de gauche et les \u00e9cologistes pour les r\u00e9gionales] \u00ab\u00a0On les rappelle \u00e0 l&#8217;ordre, on les siffle.\u00a0\u00bb (JDD, 27\/07\/2015)<\/p>\n","protected":false},"author":1,"featured_media":0,"comment_status":"open","ping_status":"open","sticky":false,"template":"","format":"standard","meta":{"_themeisle_gutenberg_block_has_review":false,"footnotes":""},"categories":[284],"tags":[],"class_list":["post-33400","post","type-post","status-publish","format-standard","hentry","category-declarama-breves"],"_links":{"self":[{"href":"https:\/\/archives.regards.fr\/index.php?rest_route=\/wp\/v2\/posts\/33400","targetHints":{"allow":["GET"]}}],"collection":[{"href":"https:\/\/archives.regards.fr\/index.php?rest_route=\/wp\/v2\/posts"}],"about":[{"href":"https:\/\/archives.regards.fr\/index.php?rest_route=\/wp\/v2\/types\/post"}],"author":[{"embeddable":true,"href":"https:\/\/archives.regards.fr\/index.php?rest_route=\/wp\/v2\/users\/1"}],"replies":[{"embeddable":true,"href":"https:\/\/archives.regards.fr\/index.php?rest_route=%2Fwp%2Fv2%2Fcomments&post=33400"}],"version-history":[{"count":0,"href":"https:\/\/archives.regards.fr\/index.php?rest_route=\/wp\/v2\/posts\/33400\/revisions"}],"wp:attachment":[{"href":"https:\/\/archives.regards.fr\/index.php?rest_route=%2Fwp%2Fv2%2Fmedia&parent=33400"}],"wp:term":[{"taxonomy":"category","embeddable":true,"href":"https:\/\/archives.regards.fr\/index.php?rest_route=%2Fwp%2Fv2%2Fcategories&post=33400"},{"taxonomy":"post_tag","embeddable":true,"href":"https:\/\/archives.regards.fr\/index.php?rest_route=%2Fwp%2Fv2%2Ftags&post=33400"}],"curies":[{"name":"wp","href":"https:\/\/api.w.org\/{rel}","templated":true}]}}