{"id":33388,"date":"2015-06-01T11:44:45","date_gmt":"2015-06-01T09:44:45","guid":{"rendered":"https:\/\/wp.muchomaas.com\/breve-laurence-parisot\/"},"modified":"2015-06-01T11:44:45","modified_gmt":"2015-06-01T09:44:45","slug":"breve-laurence-parisot","status":"publish","type":"post","link":"https:\/\/archives.regards.fr\/?p=33388","title":{"rendered":"Laurence Parisot"},"content":{"rendered":"<p>\u00ab\u00a0[Le film <em>La Loi du march\u00e9<\/em>] <em>ne d\u00e9crit pas une r\u00e9alit\u00e9 sociale, c&#8217;est un film d&#8217;horreur.\u00a0\u00bb<\/em> (Europe 1, 01\/06\/2015)<\/p>\n","protected":false},"excerpt":{"rendered":"<p>\u00ab\u00a0[Le film La Loi du march\u00e9] ne d\u00e9crit pas une r\u00e9alit\u00e9 sociale, c&#8217;est un film d&#8217;horreur.\u00a0\u00bb (Europe 1, 01\/06\/2015)<\/p>\n","protected":false},"author":1,"featured_media":0,"comment_status":"open","ping_status":"open","sticky":false,"template":"","format":"standard","meta":{"_themeisle_gutenberg_block_has_review":false,"footnotes":""},"categories":[284],"tags":[],"class_list":["post-33388","post","type-post","status-publish","format-standard","hentry","category-declarama-breves"],"_links":{"self":[{"href":"https:\/\/archives.regards.fr\/index.php?rest_route=\/wp\/v2\/posts\/33388","targetHints":{"allow":["GET"]}}],"collection":[{"href":"https:\/\/archives.regards.fr\/index.php?rest_route=\/wp\/v2\/posts"}],"about":[{"href":"https:\/\/archives.regards.fr\/index.php?rest_route=\/wp\/v2\/types\/post"}],"author":[{"embeddable":true,"href":"https:\/\/archives.regards.fr\/index.php?rest_route=\/wp\/v2\/users\/1"}],"replies":[{"embeddable":true,"href":"https:\/\/archives.regards.fr\/index.php?rest_route=%2Fwp%2Fv2%2Fcomments&post=33388"}],"version-history":[{"count":0,"href":"https:\/\/archives.regards.fr\/index.php?rest_route=\/wp\/v2\/posts\/33388\/revisions"}],"wp:attachment":[{"href":"https:\/\/archives.regards.fr\/index.php?rest_route=%2Fwp%2Fv2%2Fmedia&parent=33388"}],"wp:term":[{"taxonomy":"category","embeddable":true,"href":"https:\/\/archives.regards.fr\/index.php?rest_route=%2Fwp%2Fv2%2Fcategories&post=33388"},{"taxonomy":"post_tag","embeddable":true,"href":"https:\/\/archives.regards.fr\/index.php?rest_route=%2Fwp%2Fv2%2Ftags&post=33388"}],"curies":[{"name":"wp","href":"https:\/\/api.w.org\/{rel}","templated":true}]}}