{"id":33387,"date":"2015-06-01T10:09:44","date_gmt":"2015-06-01T08:09:44","guid":{"rendered":"https:\/\/wp.muchomaas.com\/breve-laurent-wauquiez-142\/"},"modified":"2015-06-01T10:09:44","modified_gmt":"2015-06-01T08:09:44","slug":"breve-laurent-wauquiez-142","status":"publish","type":"post","link":"https:\/\/archives.regards.fr\/?p=33387","title":{"rendered":"Laurent Wauquiez"},"content":{"rendered":"<p><em>\u00ab\u00a0La la\u00efcit\u00e9 c&#8217;est d&#8217;assumer les racines chr\u00e9tiennes de notre histoire.\u00a0\u00bb<\/em> (31\/05\/2015)<\/p>\n","protected":false},"excerpt":{"rendered":"<p>\u00ab\u00a0La la\u00efcit\u00e9 c&#8217;est d&#8217;assumer les racines chr\u00e9tiennes de notre histoire.\u00a0\u00bb (31\/05\/2015)<\/p>\n","protected":false},"author":1,"featured_media":0,"comment_status":"open","ping_status":"open","sticky":false,"template":"","format":"standard","meta":{"_themeisle_gutenberg_block_has_review":false,"footnotes":""},"categories":[284],"tags":[],"class_list":["post-33387","post","type-post","status-publish","format-standard","hentry","category-declarama-breves"],"_links":{"self":[{"href":"https:\/\/archives.regards.fr\/index.php?rest_route=\/wp\/v2\/posts\/33387","targetHints":{"allow":["GET"]}}],"collection":[{"href":"https:\/\/archives.regards.fr\/index.php?rest_route=\/wp\/v2\/posts"}],"about":[{"href":"https:\/\/archives.regards.fr\/index.php?rest_route=\/wp\/v2\/types\/post"}],"author":[{"embeddable":true,"href":"https:\/\/archives.regards.fr\/index.php?rest_route=\/wp\/v2\/users\/1"}],"replies":[{"embeddable":true,"href":"https:\/\/archives.regards.fr\/index.php?rest_route=%2Fwp%2Fv2%2Fcomments&post=33387"}],"version-history":[{"count":0,"href":"https:\/\/archives.regards.fr\/index.php?rest_route=\/wp\/v2\/posts\/33387\/revisions"}],"wp:attachment":[{"href":"https:\/\/archives.regards.fr\/index.php?rest_route=%2Fwp%2Fv2%2Fmedia&parent=33387"}],"wp:term":[{"taxonomy":"category","embeddable":true,"href":"https:\/\/archives.regards.fr\/index.php?rest_route=%2Fwp%2Fv2%2Fcategories&post=33387"},{"taxonomy":"post_tag","embeddable":true,"href":"https:\/\/archives.regards.fr\/index.php?rest_route=%2Fwp%2Fv2%2Ftags&post=33387"}],"curies":[{"name":"wp","href":"https:\/\/api.w.org\/{rel}","templated":true}]}}