{"id":33350,"date":"2015-02-19T22:27:28","date_gmt":"2015-02-19T21:27:28","guid":{"rendered":"https:\/\/wp.muchomaas.com\/breve-nicolas-sarkozy-76\/"},"modified":"2015-02-19T22:27:28","modified_gmt":"2015-02-19T21:27:28","slug":"breve-nicolas-sarkozy-76","status":"publish","type":"post","link":"https:\/\/archives.regards.fr\/?p=33350","title":{"rendered":"Nicolas Sarkozy"},"content":{"rendered":"<p><em>\u00ab\u00a0Lorsque j&#8217;\u00e9tais pr\u00e9sident, pas un jour dans le pays il n&#8217;y a eu de la brutalit\u00e9 de la part des forces de l&#8217;ordre. \u00bb<\/em> (Europe 1, 19\/02\/2015)<\/p>\n","protected":false},"excerpt":{"rendered":"<p>\u00ab\u00a0Lorsque j&#8217;\u00e9tais pr\u00e9sident, pas un jour dans le pays il n&#8217;y a eu de la brutalit\u00e9 de la part des forces de l&#8217;ordre. \u00bb (Europe 1, 19\/02\/2015)<\/p>\n","protected":false},"author":1,"featured_media":0,"comment_status":"open","ping_status":"open","sticky":false,"template":"","format":"standard","meta":{"_themeisle_gutenberg_block_has_review":false,"footnotes":""},"categories":[284],"tags":[],"class_list":["post-33350","post","type-post","status-publish","format-standard","hentry","category-declarama-breves"],"_links":{"self":[{"href":"https:\/\/archives.regards.fr\/index.php?rest_route=\/wp\/v2\/posts\/33350","targetHints":{"allow":["GET"]}}],"collection":[{"href":"https:\/\/archives.regards.fr\/index.php?rest_route=\/wp\/v2\/posts"}],"about":[{"href":"https:\/\/archives.regards.fr\/index.php?rest_route=\/wp\/v2\/types\/post"}],"author":[{"embeddable":true,"href":"https:\/\/archives.regards.fr\/index.php?rest_route=\/wp\/v2\/users\/1"}],"replies":[{"embeddable":true,"href":"https:\/\/archives.regards.fr\/index.php?rest_route=%2Fwp%2Fv2%2Fcomments&post=33350"}],"version-history":[{"count":0,"href":"https:\/\/archives.regards.fr\/index.php?rest_route=\/wp\/v2\/posts\/33350\/revisions"}],"wp:attachment":[{"href":"https:\/\/archives.regards.fr\/index.php?rest_route=%2Fwp%2Fv2%2Fmedia&parent=33350"}],"wp:term":[{"taxonomy":"category","embeddable":true,"href":"https:\/\/archives.regards.fr\/index.php?rest_route=%2Fwp%2Fv2%2Fcategories&post=33350"},{"taxonomy":"post_tag","embeddable":true,"href":"https:\/\/archives.regards.fr\/index.php?rest_route=%2Fwp%2Fv2%2Ftags&post=33350"}],"curies":[{"name":"wp","href":"https:\/\/api.w.org\/{rel}","templated":true}]}}