{"id":33338,"date":"2015-01-21T17:19:53","date_gmt":"2015-01-21T16:19:53","guid":{"rendered":"https:\/\/wp.muchomaas.com\/breve-nouvelle-breve\/"},"modified":"2015-01-21T17:19:53","modified_gmt":"2015-01-21T16:19:53","slug":"breve-nouvelle-breve","status":"publish","type":"post","link":"https:\/\/archives.regards.fr\/?p=33338","title":{"rendered":"Jean-Marie Le Guen"},"content":{"rendered":"<p><em>\u00ab\u00a0Il y a une classe politico-sociale \u00e0 la gauche de la gauche qui est un peu \u00e0 c\u00f4t\u00e9 de la r\u00e9alit\u00e9 politique et sociale de notre pays. (\u2026) Elle peut faire perdre la gauche, et je dirais m\u00eame plus, \u00e0 certains endroits, elle peut faire perdre la R\u00e9publique. \u00bb<\/em> (LCP, 21\/01\/2015)<\/p>\n","protected":false},"excerpt":{"rendered":"<p>\u00ab\u00a0Il y a une classe politico-sociale \u00e0 la gauche de la gauche qui est un peu \u00e0 c\u00f4t\u00e9 de la r\u00e9alit\u00e9 politique et sociale de notre pays. (\u2026) Elle peut faire perdre la gauche, et je dirais m\u00eame plus, \u00e0 certains endroits, elle peut faire perdre la R\u00e9publique. \u00bb (LCP, 21\/01\/2015)<\/p>\n","protected":false},"author":1,"featured_media":0,"comment_status":"open","ping_status":"open","sticky":false,"template":"","format":"standard","meta":{"_themeisle_gutenberg_block_has_review":false,"footnotes":""},"categories":[284],"tags":[],"class_list":["post-33338","post","type-post","status-publish","format-standard","hentry","category-declarama-breves"],"_links":{"self":[{"href":"https:\/\/archives.regards.fr\/index.php?rest_route=\/wp\/v2\/posts\/33338","targetHints":{"allow":["GET"]}}],"collection":[{"href":"https:\/\/archives.regards.fr\/index.php?rest_route=\/wp\/v2\/posts"}],"about":[{"href":"https:\/\/archives.regards.fr\/index.php?rest_route=\/wp\/v2\/types\/post"}],"author":[{"embeddable":true,"href":"https:\/\/archives.regards.fr\/index.php?rest_route=\/wp\/v2\/users\/1"}],"replies":[{"embeddable":true,"href":"https:\/\/archives.regards.fr\/index.php?rest_route=%2Fwp%2Fv2%2Fcomments&post=33338"}],"version-history":[{"count":0,"href":"https:\/\/archives.regards.fr\/index.php?rest_route=\/wp\/v2\/posts\/33338\/revisions"}],"wp:attachment":[{"href":"https:\/\/archives.regards.fr\/index.php?rest_route=%2Fwp%2Fv2%2Fmedia&parent=33338"}],"wp:term":[{"taxonomy":"category","embeddable":true,"href":"https:\/\/archives.regards.fr\/index.php?rest_route=%2Fwp%2Fv2%2Fcategories&post=33338"},{"taxonomy":"post_tag","embeddable":true,"href":"https:\/\/archives.regards.fr\/index.php?rest_route=%2Fwp%2Fv2%2Ftags&post=33338"}],"curies":[{"name":"wp","href":"https:\/\/api.w.org\/{rel}","templated":true}]}}