{"id":33337,"date":"2015-01-21T17:07:08","date_gmt":"2015-01-21T16:07:08","guid":{"rendered":"https:\/\/wp.muchomaas.com\/breve-jean-marie-le-guen\/"},"modified":"2015-01-21T17:07:08","modified_gmt":"2015-01-21T16:07:08","slug":"breve-jean-marie-le-guen","status":"publish","type":"post","link":"https:\/\/archives.regards.fr\/?p=33337","title":{"rendered":"Jean-Marie Le Guen"},"content":{"rendered":"<p><em>\u00ab\u00a0C\u00e9cile Duflot, ce n&#8217;est pas les Verts. C\u00e9cile Duflot est sur une trajectoire politique <\/em> (&#8230;) <em>Elle est dans une esp\u00e8ce de voie de radicalisation. \u00bb<\/em> (LCP, 21\/01\/2015)<\/p>\n","protected":false},"excerpt":{"rendered":"<p>\u00ab\u00a0C\u00e9cile Duflot, ce n&#8217;est pas les Verts. C\u00e9cile Duflot est sur une trajectoire politique (&#8230;) Elle est dans une esp\u00e8ce de voie de radicalisation. \u00bb (LCP, 21\/01\/2015)<\/p>\n","protected":false},"author":1,"featured_media":0,"comment_status":"open","ping_status":"open","sticky":false,"template":"","format":"standard","meta":{"_themeisle_gutenberg_block_has_review":false,"footnotes":""},"categories":[284],"tags":[],"class_list":["post-33337","post","type-post","status-publish","format-standard","hentry","category-declarama-breves"],"_links":{"self":[{"href":"https:\/\/archives.regards.fr\/index.php?rest_route=\/wp\/v2\/posts\/33337","targetHints":{"allow":["GET"]}}],"collection":[{"href":"https:\/\/archives.regards.fr\/index.php?rest_route=\/wp\/v2\/posts"}],"about":[{"href":"https:\/\/archives.regards.fr\/index.php?rest_route=\/wp\/v2\/types\/post"}],"author":[{"embeddable":true,"href":"https:\/\/archives.regards.fr\/index.php?rest_route=\/wp\/v2\/users\/1"}],"replies":[{"embeddable":true,"href":"https:\/\/archives.regards.fr\/index.php?rest_route=%2Fwp%2Fv2%2Fcomments&post=33337"}],"version-history":[{"count":0,"href":"https:\/\/archives.regards.fr\/index.php?rest_route=\/wp\/v2\/posts\/33337\/revisions"}],"wp:attachment":[{"href":"https:\/\/archives.regards.fr\/index.php?rest_route=%2Fwp%2Fv2%2Fmedia&parent=33337"}],"wp:term":[{"taxonomy":"category","embeddable":true,"href":"https:\/\/archives.regards.fr\/index.php?rest_route=%2Fwp%2Fv2%2Fcategories&post=33337"},{"taxonomy":"post_tag","embeddable":true,"href":"https:\/\/archives.regards.fr\/index.php?rest_route=%2Fwp%2Fv2%2Ftags&post=33337"}],"curies":[{"name":"wp","href":"https:\/\/api.w.org\/{rel}","templated":true}]}}