{"id":33319,"date":"2014-11-20T00:00:00","date_gmt":"2014-11-19T23:00:00","guid":{"rendered":"https:\/\/wp.muchomaas.com\/breve-nicolas-dupont-aignan\/"},"modified":"2014-11-20T00:00:00","modified_gmt":"2014-11-19T23:00:00","slug":"breve-nicolas-dupont-aignan","status":"publish","type":"post","link":"https:\/\/archives.regards.fr\/?p=33319","title":{"rendered":"Nicolas Dupont-Aignan"},"content":{"rendered":"<p>(\u00e0 propos des djihadistes fran\u00e7ais) <em>\u00ab Je propose qu&#8217;on r\u00e9tablisse \u00e0 Cayenne un centre de d\u00e9tention qui permette d&#8217;isoler ces fous furieux. \u00bb<\/em> (Sud Radio, 20\/11\/2014)<\/p>\n","protected":false},"excerpt":{"rendered":"<p>(\u00e0 propos des djihadistes fran\u00e7ais) \u00ab Je propose qu&#8217;on r\u00e9tablisse \u00e0 Cayenne un centre de d\u00e9tention qui permette d&#8217;isoler ces fous furieux. \u00bb (Sud Radio, 20\/11\/2014)<\/p>\n","protected":false},"author":1,"featured_media":0,"comment_status":"open","ping_status":"open","sticky":false,"template":"","format":"standard","meta":{"_themeisle_gutenberg_block_has_review":false,"footnotes":""},"categories":[284],"tags":[],"class_list":["post-33319","post","type-post","status-publish","format-standard","hentry","category-declarama-breves"],"_links":{"self":[{"href":"https:\/\/archives.regards.fr\/index.php?rest_route=\/wp\/v2\/posts\/33319","targetHints":{"allow":["GET"]}}],"collection":[{"href":"https:\/\/archives.regards.fr\/index.php?rest_route=\/wp\/v2\/posts"}],"about":[{"href":"https:\/\/archives.regards.fr\/index.php?rest_route=\/wp\/v2\/types\/post"}],"author":[{"embeddable":true,"href":"https:\/\/archives.regards.fr\/index.php?rest_route=\/wp\/v2\/users\/1"}],"replies":[{"embeddable":true,"href":"https:\/\/archives.regards.fr\/index.php?rest_route=%2Fwp%2Fv2%2Fcomments&post=33319"}],"version-history":[{"count":0,"href":"https:\/\/archives.regards.fr\/index.php?rest_route=\/wp\/v2\/posts\/33319\/revisions"}],"wp:attachment":[{"href":"https:\/\/archives.regards.fr\/index.php?rest_route=%2Fwp%2Fv2%2Fmedia&parent=33319"}],"wp:term":[{"taxonomy":"category","embeddable":true,"href":"https:\/\/archives.regards.fr\/index.php?rest_route=%2Fwp%2Fv2%2Fcategories&post=33319"},{"taxonomy":"post_tag","embeddable":true,"href":"https:\/\/archives.regards.fr\/index.php?rest_route=%2Fwp%2Fv2%2Ftags&post=33319"}],"curies":[{"name":"wp","href":"https:\/\/api.w.org\/{rel}","templated":true}]}}